{"id":4051,"date":"2024-07-05T18:34:32","date_gmt":"2024-07-05T21:34:32","guid":{"rendered":"https:\/\/partediario.com.ar\/?p=4051"},"modified":"2024-07-05T18:34:42","modified_gmt":"2024-07-05T21:34:42","slug":"el-intendente-azcue-acompano-la-presentacion-de-actividades-por-el-118-aniversario-del-club-regatas-de-concordia","status":"publish","type":"post","link":"https:\/\/partediario.com.ar\/?p=4051","title":{"rendered":"El Intendente Azcu\u00e9 acompa\u00f1\u00f3 la presentaci\u00f3n de actividades por el 118 Aniversario del Club Regatas de Concordia"},"content":{"rendered":"\n<p><strong>Con la presencia del intendente, Francisco Azcu\u00e9, este jueves se realiz\u00f3 una conferencia de prensa a ra\u00edz de los 118\u00b0 del Club Regatas. En la oportunidad, tambi\u00e9n se brindaron detalles de lo que ser\u00e1 el evento deportivo y conmemorativo que se realizar\u00e1 el s\u00e1bado 13 de julio.<\/strong><\/p>\n\n\n\n<p>Cabe destacar que, originalmente, la prueba denominada \u201c118 a\u00f1os Remando Juntos\u201d iba a tener lugar en las instalaciones del club. Sin embargo, la actual altura del r\u00edo oblig\u00f3 a trasladarla al Lago de Salto Grande. Desde la organizaci\u00f3n se especific\u00f3 que se espera la participaci\u00f3n de m\u00e1s de 300 atletas.<\/p>\n\n\n\n<p>Adem\u00e1s del intendente de Concordia, se hicieron presentes la diputada provincial Carola Laner, el presidente de la subcomisi\u00f3n de Remo del Club Regatas Alejandro Piedrabuena, la subsecretaria de Deportes, Ivana P\u00e9rez, el subsecretario de Turismo, Laureano Schvartzman y la concejal Silvina Ovelar.<\/p>\n\n\n\n<p><strong>Historia, deporte y turismo<\/strong><\/p>\n\n\n\n<p>El intendente Francisco Azcu\u00e9 explic\u00f3 que el Club Regatas es \u201cparte de nuestra historia, una instituci\u00f3n que queremos mucho, que es realmente muy importante para la ciudad y que sufre las consecuencias de estos fen\u00f3menos naturales como la inundaci\u00f3n pero que siempre se pone de pie y siempre sale adelante\u201d.<\/p>\n\n\n\n<p>Adem\u00e1s, se\u00f1al\u00f3 que \u201cestamos trabajando de forma articulada porque consideramos que es importante sostener un v\u00ednculo y un trabajo conjunto. M\u00e1xime teniendo en cuenta que es una instituci\u00f3n que tiene mucho que ver con los deportes n\u00e1uticos y que nuestra Concordia nace y se desarrolla a orillas del r\u00edo, as\u00ed que tiene todo un componente cultural muy importante\u201d.<\/p>\n\n\n\n<p>Los participantes de la prueba no \u201csolamente vendr\u00e1n a competir sino que adem\u00e1s a hacer turismo y eso tambi\u00e9n es para destacar as\u00ed que esperamos a que la comunidad de Concordia pueda acompa\u00f1ar al Club Regatas en esta conmemoraci\u00f3n\u201d, puntualiz\u00f3 Azcu\u00e9.<\/p>\n\n\n\n<p><strong>300 atletas<\/strong><\/p>\n\n\n\n<p>El presidente de la subcomisi\u00f3n de Remo Alejandro Piedrabuena destac\u00f3 que para la prueba deportiva se espera el arribo a Concordia de lo mejor de esa disciplina, a nivel nacional, con la \u201cllegada de 300 atletas de los mejores clubes de Argentina y de Uruguay, m\u00e1s su familias y acompa\u00f1antes\u201d.<\/p>\n\n\n\n<p>Piedrabuena agradeci\u00f3 el acompa\u00f1amiento de la actual gesti\u00f3n municipal y adelant\u00f3 que desde el club se piensa a esta competici\u00f3n \u201ccomo un punto de partida, ya que nuestra intenci\u00f3n es mostrar la ciudad para eventos m\u00e1s grandes\u201d. En ese sentido, expres\u00f3 que el anhelo \u201ces que dentro de un a\u00f1o, podamos contar con una fecha del Campeonato Argentino, que es un evento que dura alrededor de una semana y viene en clubes de distintas partes de Am\u00e9rica como Chile, Brasil, Uruguay y Paraguay\u201d.<\/p>\n\n\n\n<p><strong>Concordia, sede de eventos<\/strong><\/p>\n\n\n\n<p>El subsecretario de Turismo, Laureano Schvartzman destac\u00f3 la incidencia del evento, ya que \u201ces un segmento prioritario para Concordia, que debe ser destino eventos y reuniones tanto culturales, deportivas, sociales y recreativas\u201d.<\/p>\n\n\n\n<p>En ese sentido, el funcionario record\u00f3 que la regata se realizar\u00e1 \u201cdurante un fin de semana de vacaciones de invierno y desde el sector privado se va a acompa\u00f1ar con descuentos en alojamientos, ya que hicimos las gestiones y muchos hoteleros de Concordia se sumaron\u201d. Desde \u201cnuestro lugar, vamos a acompa\u00f1ar con la promoci\u00f3n y con el bus tur\u00edstico\u201d, adelant\u00f3.<\/p>\n\n\n\n<p>Por \u00faltimo, la subsecretaria de Deportes, Ivana P\u00e9rez, dijo que \u201ca nosotros nos llena de energ\u00eda, ver a clubes como el Regatas que a pesar de haber pasado por una nueva inundaci\u00f3n, vuelven otra vez con toda la fuerza a trabajar y a generar, en este caso, este gran evento que desde nuestra \u00e1rea estamos acompa\u00f1ando\u201d.<\/p>\n\n\n\n<p><strong>Adversidad y resurgimiento<\/strong><\/p>\n\n\n\n<p>La diputada provincial Carola Laner hizo uso de la palabra y expres\u00f3 que \u201csi hay un club que est\u00e1 acostumbrado a las adversidades y a resurgir, ese es el Club Regata, un club hist\u00f3rico de la ciudad, donde han pasado generaciones y generaciones de concordienses\u201d.<\/p>\n\n\n\n<p>A pesar de la actual creciente, la legisladora destac\u00f3 el accionar del \u201cgrupo humano que se atrevi\u00f3 a so\u00f1ar, por lo que qui\u00e9nes tenemos responsabilidades institucionales tenemos el deber y tenemos la obligaci\u00f3n de acompa\u00f1ar y de apoyar este tipo de organizaciones que prestigian a la ciudad de Concordia\u201d.<\/p>\n\n\n\n<p>Por su parte, la concejal Silvina Ovelar record\u00f3 que tras la \u00faltima inundaci\u00f3n \u201cfuimos al club con mi equipo y nos volvimos muy tristes; salimos explotadas queriendo hacer mil cosas\u201d. Ante la actual creciente del r\u00edo, pidi\u00f3 \u201ca toda la ciudadan\u00eda que ayudemos entre todos al Club Regatas, ya que no pertenece a un grupo sino que nos pertenece a todos\u201d.<\/p>\n\n\n\n<p>La prueba \u201c118 a\u00f1os Remando Juntos\u201d fue declarada de inter\u00e9s provincial por la C\u00e1mara de Diputados y de inter\u00e9s municipal, por el Honorable Concejo Deliberante.<\/p>\n\n\n\n<p>Estuvieron presentes los concejales Celeste Fuscado, Mauricio Rey, adem\u00e1s de integrantes del Club Regatas.<\/p>\n","protected":false},"excerpt":{"rendered":"<p>Con la presencia del intendente, Francisco Azcu&eacute;, este jueves se realiz&oacute; una conferencia de prensa a ra&iacute;z de los 118&deg; del Club Regatas. En la oportunidad, tambi&eacute;n se brindaron detalles de lo que ser&aacute; el evento deportivo y conmemorativo que se realizar&aacute; el s&aacute;bado 13 de julio. Cabe destacar que, originalmente, la prueba denominada &ldquo;118 [&hellip;]<\/p>\n","protected":false},"author":2,"featured_media":4053,"comment_status":"open","ping_status":"open","sticky":false,"template":"","format":"standard","meta":{"footnotes":""},"categories":[8,726],"tags":[1516,1515,1513,398,497,1517,1518],"class_list":["post-4051","post","type-post","status-publish","format-standard","has-post-thumbnail","hentry","category-provinciales","category-sociedad","tag-alejandro-piedrabuena","tag-carola-laner","tag-club-regatas","tag-concordia","tag-francisco-azcue-2","tag-ivana-perez","tag-laureana-schvartzman"],"_links":{"self":[{"href":"https:\/\/partediario.com.ar\/index.php?rest_route=\/wp\/v2\/posts\/4051","targetHints":{"allow":["GET"]}}],"collection":[{"href":"https:\/\/partediario.com.ar\/index.php?rest_route=\/wp\/v2\/posts"}],"about":[{"href":"https:\/\/partediario.com.ar\/index.php?rest_route=\/wp\/v2\/types\/post"}],"author":[{"embeddable":true,"href":"https:\/\/partediario.com.ar\/index.php?rest_route=\/wp\/v2\/users\/2"}],"replies":[{"embeddable":true,"href":"https:\/\/partediario.com.ar\/index.php?rest_route=%2Fwp%2Fv2%2Fcomments&post=4051"}],"version-history":[{"count":1,"href":"https:\/\/partediario.com.ar\/index.php?rest_route=\/wp\/v2\/posts\/4051\/revisions"}],"predecessor-version":[{"id":4054,"href":"https:\/\/partediario.com.ar\/index.php?rest_route=\/wp\/v2\/posts\/4051\/revisions\/4054"}],"wp:featuredmedia":[{"embeddable":true,"href":"https:\/\/partediario.com.ar\/index.php?rest_route=\/wp\/v2\/media\/4053"}],"wp:attachment":[{"href":"https:\/\/partediario.com.ar\/index.php?rest_route=%2Fwp%2Fv2%2Fmedia&parent=4051"}],"wp:term":[{"taxonomy":"category","embeddable":true,"href":"https:\/\/partediario.com.ar\/index.php?rest_route=%2Fwp%2Fv2%2Fcategories&post=4051"},{"taxonomy":"post_tag","embeddable":true,"href":"https:\/\/partediario.com.ar\/index.php?rest_route=%2Fwp%2Fv2%2Ftags&post=4051"}],"curies":[{"name":"wp","href":"https:\/\/api.w.org\/{rel}","templated":true}]}}