{"id":4073,"date":"2024-07-06T11:56:39","date_gmt":"2024-07-06T14:56:39","guid":{"rendered":"https:\/\/partediario.com.ar\/?p=4073"},"modified":"2024-07-06T11:56:41","modified_gmt":"2024-07-06T14:56:41","slug":"el-consumo-de-carne-vacuna-registro-la-mayor-caida-de-los-ultimos-cien-anos","status":"publish","type":"post","link":"https:\/\/partediario.com.ar\/?p=4073","title":{"rendered":"El consumo de carne vacuna registr\u00f3 la mayor ca\u00edda de los \u00faltimos cien a\u00f1os"},"content":{"rendered":"\n<p><strong>En Argentina el consumo de carne vacuna es el m\u00e1s bajo de los \u00faltimo cien a\u00f1os, de acuerdo a un informe de la Bolsa de Comercio de Rosario.<\/strong><\/p>\n\n\n\n<p>Con cortes que tienen precios por las nubes y el poder adquisitivo licuado, el consumo de carne cay\u00f3 en la Argentina al nivel m\u00e1s bajo de los \u00faltimo cien a\u00f1os, de acuerdo a un informe de la Bolsa de Comercio de Rosario.<\/p>\n\n\n\n<p>El consumo anual per c\u00e1pita este a\u00f1o estar\u00e1 por debajo de los 45 kilos, mucho menos que el promedio hist\u00f3rico de casi 73 kilos. Tambi\u00e9n ser\u00e1 inferior al registro de 1920, cuando se consumieron 46,9 kilos por habitante.<\/p>\n\n\n\n<p>Sin embargo en la comparativa internacional, Argentina contin\u00faa siendo uno de los pa\u00edses con mayor consumo per c\u00e1pita, con una ingesta pr\u00e1cticamente igual al de Uruguay y superando ampliamente a Estados Unidos (38 kg.), Australia (27 kg.) y Chile (26 kg.).<\/p>\n\n\n\n<p>\u00bfQu\u00e9 alternativas de prote\u00edna se potenciaron frente a la crisis econ\u00f3mica?<\/p>\n\n\n\n<p>Se proyecta que este a\u00f1o cada argentino consume 45 kg de carne vacuna, lo que representa la cifra m\u00e1s baja de los \u00faltimos 110 a\u00f1os. El consumo de carne vacuna en Argentina se encuentra en una tendencia decreciente desde la segunda mitad del siglo pasado, en la medida en que ha ido siendo sustituida por otras fuentes de prote\u00ednas.<\/p>\n\n\n\n<p>Pero esta tendencia \u201cse ve agravada por la actual recesi\u00f3n que est\u00e1 atravesando la econom\u00eda argentina y que lleva a muchos consumidores a inclinarse por el consumo de pollo y cerdo, siendo estas alternativas m\u00e1s econ\u00f3micas\u201d, indic\u00f3 la Bolsa rosarina.<\/p>\n\n\n\n<p>En este escenario, el consumo total de carnes bovina, aviar y porcina en Argentina podr\u00eda ubicarse este 2024 en torno a los 105,7 kg. por habitante. Representar\u00eda una ca\u00edda del 9% respecto del 2023, y ser\u00eda el consumo m\u00e1s bajo desde el 2011. Es decir, que los argentinos est\u00e1n consumiendo cada vez menos prote\u00ednas animales.<\/p>\n\n\n\n<p>Cada habitante consumir\u00eda en 2024 siete kilos menos de carne en comparaci\u00f3n al promedio de los \u00faltimos diez a\u00f1os, que es de 112,8 kg. Seg\u00fan la entidad, la composici\u00f3n de la dieta c\u00e1rnica del habitante promedio ser\u00eda la siguiente: 42% de carne bovina, 42% de carne aviar y 16% de carne porcina.<\/p>\n\n\n\n<p>La proporci\u00f3n de carne bovina habr\u00eda ca\u00eddo 3,5 puntos porcentuales respecto al 2023, alcanzando un m\u00ednimo hist\u00f3rico. Al mismo tiempo, el consumo de carne aviar aument\u00f3 2,4 puntos porcentuales de forma interanual.<\/p>\n\n\n\n<p>\u00bfCay\u00f3 la capacidad de comprar nuestro cl\u00e1sico argentino?<\/p>\n\n\n\n<p>Por primera vez en los registros, el habitante promedio en Argentina consumir\u00eda en 2024 la misma cantidad de carne vacuna que de carne aviar (alrededor de 44,5 kg.). El consumo de carne porcina, por su parte, aumentar\u00eda 1,1 puntos porcentuales respecto al a\u00f1o previo.<\/p>\n\n\n\n<p>En tanto, la remuneraci\u00f3n bruta promedio del sector asalariado alcanzar\u00eda para comprar 146,6 kg de asado en el 2024. Significa una baja del 5,6% con respecto al 2023, cuando el poder de compra de los sueldos era de 155,2 kg.<\/p>\n\n\n\n<p>En comparaci\u00f3n con el consumo promedio de los \u00faltimos diez a\u00f1os, en 2024 cada habitante consumir\u00eda cerca de 22 kg. menos por persona, con una ca\u00edda del 13,3%<\/p>\n","protected":false},"excerpt":{"rendered":"<p>En Argentina el consumo de carne vacuna es el m&aacute;s bajo de los &uacute;ltimo cien a&ntilde;os, de acuerdo a un informe de la Bolsa de Comercio de Rosario. Con cortes que tienen precios por las nubes y el poder adquisitivo licuado, el consumo de carne cay&oacute; en la Argentina al nivel m&aacute;s bajo de los [&hellip;]<\/p>\n","protected":false},"author":2,"featured_media":4074,"comment_status":"open","ping_status":"open","sticky":false,"template":"","format":"standard","meta":{"footnotes":""},"categories":[5,726],"tags":[411,559,1526,1525,1527],"class_list":["post-4073","post","type-post","status-publish","format-standard","has-post-thumbnail","hentry","category-nacionales","category-sociedad","tag-argentina","tag-caida","tag-carne","tag-consumo","tag-vacuna"],"_links":{"self":[{"href":"https:\/\/partediario.com.ar\/index.php?rest_route=\/wp\/v2\/posts\/4073","targetHints":{"allow":["GET"]}}],"collection":[{"href":"https:\/\/partediario.com.ar\/index.php?rest_route=\/wp\/v2\/posts"}],"about":[{"href":"https:\/\/partediario.com.ar\/index.php?rest_route=\/wp\/v2\/types\/post"}],"author":[{"embeddable":true,"href":"https:\/\/partediario.com.ar\/index.php?rest_route=\/wp\/v2\/users\/2"}],"replies":[{"embeddable":true,"href":"https:\/\/partediario.com.ar\/index.php?rest_route=%2Fwp%2Fv2%2Fcomments&post=4073"}],"version-history":[{"count":1,"href":"https:\/\/partediario.com.ar\/index.php?rest_route=\/wp\/v2\/posts\/4073\/revisions"}],"predecessor-version":[{"id":4075,"href":"https:\/\/partediario.com.ar\/index.php?rest_route=\/wp\/v2\/posts\/4073\/revisions\/4075"}],"wp:featuredmedia":[{"embeddable":true,"href":"https:\/\/partediario.com.ar\/index.php?rest_route=\/wp\/v2\/media\/4074"}],"wp:attachment":[{"href":"https:\/\/partediario.com.ar\/index.php?rest_route=%2Fwp%2Fv2%2Fmedia&parent=4073"}],"wp:term":[{"taxonomy":"category","embeddable":true,"href":"https:\/\/partediario.com.ar\/index.php?rest_route=%2Fwp%2Fv2%2Fcategories&post=4073"},{"taxonomy":"post_tag","embeddable":true,"href":"https:\/\/partediario.com.ar\/index.php?rest_route=%2Fwp%2Fv2%2Ftags&post=4073"}],"curies":[{"name":"wp","href":"https:\/\/api.w.org\/{rel}","templated":true}]}}