{"id":4076,"date":"2024-07-06T12:01:47","date_gmt":"2024-07-06T15:01:47","guid":{"rendered":"https:\/\/partediario.com.ar\/?p=4076"},"modified":"2024-07-06T12:01:52","modified_gmt":"2024-07-06T15:01:52","slug":"la-oms-declaro-al-talco-como-probablemente-cancerigeno-para-el-organismo-humano","status":"publish","type":"post","link":"https:\/\/partediario.com.ar\/?p=4076","title":{"rendered":"La OMS declar\u00f3 al talco como \u201cprobablemente cancer\u00edgeno\u201d para el organismo humano"},"content":{"rendered":"\n<p><strong>Desde el organismo mundial de salud afirman que hay evidencia cient\u00edfica \u201climitada\u201d sobre el riesgo de c\u00e1ncer de ovario en humanos, pero s\u00ed hay certeza en estudios con animales.<\/strong><\/p>\n\n\n\n<p>La Organizaci\u00f3n Mundial de la Salud (OMS) inform\u00f3 este viernes que el talco fue catalogado como un producto \u201cprobablemente cancer\u00edgeno\u201d para los humanos. Seg\u00fan el informe que elabor\u00f3 la agencia Internacional de Investigaciones sobre el C\u00e1ncer (Iarc), dependiente de la OMS, tras estudiar la evidencia cient\u00edfica disponible, este mineral \u201cpuede tener capacidad para causar c\u00e1ncer en la poblaci\u00f3n\u201d.<\/p>\n\n\n\n<p>La calificaci\u00f3n que se le otorga al talco es nivel 2A, el segundo escalaf\u00f3n m\u00e1s alto dentro de su pir\u00e1mide de identificaci\u00f3n de peligros. Esto situaci\u00f3n se da porque, pese a tener \u201cevidencia limitada\u201d de que pueda provocar tumores de ovarios, s\u00ed hay suficiente certeza de que genera c\u00e1ncer en animales de experimentaci\u00f3n.<\/p>\n\n\n\n<p>Esto significa que el talco \u201cexhibe caracter\u00edsticas clave de carcin\u00f3genos en c\u00e9lulas humanas y de sistemas experimentales\u201d, explica la Iarc en un comunicado.<\/p>\n\n\n\n<p>De acuerdo al organismo, una treintena de expertos internacionales han revisado exhaustivamente\u201d la literatura cient\u00edfica disponible y han concluido que el talco es \u201cprobablemente cancer\u00edgeno para los humanos \u201d. Esto significa que el nivel de certeza sobre su potencial cancer\u00edgeno es el mismo que se tiene sobre los efectos del consumo de carne roja o sobre el trabajo en turno de noche.<\/p>\n\n\n\n<p>\u201cLa clasificaci\u00f3n del Grupo 2A es el segundo nivel m\u00e1s alto de certeza de que una sustancia puede causar c\u00e1ncer. Hubo numerosos estudios que mostraron consistentemente un aumento en la incidencia de c\u00e1ncer de ovario en humanos que informaron el uso de talcos corporales en la regi\u00f3n perineal.<\/p>\n\n\n\n<p>El v\u00ednculo del talco con el c\u00e1ncer de ovario lleva tiempo en el punto de mira. Puntualmente decenas de miles de personas en Estados Unidos demandaron a una multinacional por la supuesta presencia de componentes cancer\u00edgenos en uno de sus talcos.<\/p>\n","protected":false},"excerpt":{"rendered":"<p>Desde el organismo mundial de salud afirman que hay evidencia cient&iacute;fica &ldquo;limitada&rdquo; sobre el riesgo de c&aacute;ncer de ovario en humanos, pero s&iacute; hay certeza en estudios con animales. La Organizaci&oacute;n Mundial de la Salud (OMS) inform&oacute; este viernes que el talco fue catalogado como un producto &ldquo;probablemente cancer&iacute;geno&rdquo; para los humanos. Seg&uacute;n el informe [&hellip;]<\/p>\n","protected":false},"author":2,"featured_media":4077,"comment_status":"open","ping_status":"open","sticky":false,"template":"","format":"standard","meta":{"footnotes":""},"categories":[5,726],"tags":[1530,1528,1529],"class_list":["post-4076","post","type-post","status-publish","format-standard","has-post-thumbnail","hentry","category-nacionales","category-sociedad","tag-cancerigeno","tag-oms","tag-talco"],"_links":{"self":[{"href":"https:\/\/partediario.com.ar\/index.php?rest_route=\/wp\/v2\/posts\/4076","targetHints":{"allow":["GET"]}}],"collection":[{"href":"https:\/\/partediario.com.ar\/index.php?rest_route=\/wp\/v2\/posts"}],"about":[{"href":"https:\/\/partediario.com.ar\/index.php?rest_route=\/wp\/v2\/types\/post"}],"author":[{"embeddable":true,"href":"https:\/\/partediario.com.ar\/index.php?rest_route=\/wp\/v2\/users\/2"}],"replies":[{"embeddable":true,"href":"https:\/\/partediario.com.ar\/index.php?rest_route=%2Fwp%2Fv2%2Fcomments&post=4076"}],"version-history":[{"count":1,"href":"https:\/\/partediario.com.ar\/index.php?rest_route=\/wp\/v2\/posts\/4076\/revisions"}],"predecessor-version":[{"id":4078,"href":"https:\/\/partediario.com.ar\/index.php?rest_route=\/wp\/v2\/posts\/4076\/revisions\/4078"}],"wp:featuredmedia":[{"embeddable":true,"href":"https:\/\/partediario.com.ar\/index.php?rest_route=\/wp\/v2\/media\/4077"}],"wp:attachment":[{"href":"https:\/\/partediario.com.ar\/index.php?rest_route=%2Fwp%2Fv2%2Fmedia&parent=4076"}],"wp:term":[{"taxonomy":"category","embeddable":true,"href":"https:\/\/partediario.com.ar\/index.php?rest_route=%2Fwp%2Fv2%2Fcategories&post=4076"},{"taxonomy":"post_tag","embeddable":true,"href":"https:\/\/partediario.com.ar\/index.php?rest_route=%2Fwp%2Fv2%2Ftags&post=4076"}],"curies":[{"name":"wp","href":"https:\/\/api.w.org\/{rel}","templated":true}]}}