{"id":4083,"date":"2024-07-06T18:13:02","date_gmt":"2024-07-06T21:13:02","guid":{"rendered":"https:\/\/partediario.com.ar\/?p=4083"},"modified":"2024-07-06T18:13:09","modified_gmt":"2024-07-06T21:13:09","slug":"santa-elena-se-desarrollan-tareas-en-las-inmediaciones-de-calle-eva-peron-y-buenos-aires","status":"publish","type":"post","link":"https:\/\/partediario.com.ar\/?p=4083","title":{"rendered":"Santa Elena: se desarrollan tareas en las inmediaciones de calle Eva Per\u00f3n y Buenos Aires"},"content":{"rendered":"\n<p><strong>En las inmediaciones de calle Eva Per\u00f3n y Buenos Aires se llevan a cabo tareas de repavimentaci\u00f3n. All\u00ed tambi\u00e9n se encuentra en plena etapa de obras la nueva sede de Banco Naci\u00f3n.<\/strong><\/p>\n\n\n\n<p>Diferentes calles de nuestra ciudad se encuentran en plena etapa de intervenci\u00f3n, en el marco del plan integral de obras y servicios p\u00fablicos que lleva adelante el Gobierno Municipal de Santa Elena.<\/p>\n\n\n\n<p><\/p>\n\n\n\n<figure class=\"wp-block-image size-large\"><img loading=\"lazy\" decoding=\"async\" width=\"1024\" height=\"576\" src=\"https:\/\/partediario.com.ar\/wp-content\/uploads\/450151512_886345130203910_7474856908041849800_n-1024x576.jpg\" alt=\"\" class=\"wp-image-4084\" srcset=\"https:\/\/partediario.com.ar\/wp-content\/uploads\/450151512_886345130203910_7474856908041849800_n-1024x576.jpg 1024w, https:\/\/partediario.com.ar\/wp-content\/uploads\/450151512_886345130203910_7474856908041849800_n-300x169.jpg 300w, https:\/\/partediario.com.ar\/wp-content\/uploads\/450151512_886345130203910_7474856908041849800_n-768x432.jpg 768w, https:\/\/partediario.com.ar\/wp-content\/uploads\/450151512_886345130203910_7474856908041849800_n-1536x864.jpg 1536w, https:\/\/partediario.com.ar\/wp-content\/uploads\/450151512_886345130203910_7474856908041849800_n.jpg 2048w\" sizes=\"auto, (max-width: 1024px) 100vw, 1024px\" \/><\/figure>\n\n\n\n<p><\/p>\n\n\n\n<figure class=\"wp-block-image size-large\"><img loading=\"lazy\" decoding=\"async\" width=\"1024\" height=\"576\" src=\"https:\/\/partediario.com.ar\/wp-content\/uploads\/450164501_886345230203900_6050034135441991328_n-1024x576.jpg\" alt=\"\" class=\"wp-image-4086\" srcset=\"https:\/\/partediario.com.ar\/wp-content\/uploads\/450164501_886345230203900_6050034135441991328_n-1024x576.jpg 1024w, https:\/\/partediario.com.ar\/wp-content\/uploads\/450164501_886345230203900_6050034135441991328_n-300x169.jpg 300w, https:\/\/partediario.com.ar\/wp-content\/uploads\/450164501_886345230203900_6050034135441991328_n-768x432.jpg 768w, https:\/\/partediario.com.ar\/wp-content\/uploads\/450164501_886345230203900_6050034135441991328_n-1536x864.jpg 1536w, https:\/\/partediario.com.ar\/wp-content\/uploads\/450164501_886345230203900_6050034135441991328_n.jpg 2048w\" sizes=\"auto, (max-width: 1024px) 100vw, 1024px\" \/><\/figure>\n\n\n\n<p><\/p>\n\n\n\n<p>En esta ocasi\u00f3n se realizan tareas en las inmediaciones de calle Eva Per\u00f3n y Buenos Aires.<\/p>\n\n\n\n<p>Circul\u00e1 con precauci\u00f3n mientras se desarrollan los trabajos.<\/p>\n\n\n\n<p>Santa Elena avanza con intervenciones en distintas arterias de la ciudad.<\/p>\n\n\n\n<p>Con fondos locales, una administraci\u00f3n austera y ordenada, seguimos mejorando nuestra ciudad, se\u00f1alan desde el municipio.<\/p>\n","protected":false},"excerpt":{"rendered":"<p>En las inmediaciones de calle Eva Per&oacute;n y Buenos Aires se llevan a cabo tareas de repavimentaci&oacute;n. All&iacute; tambi&eacute;n se encuentra en plena etapa de obras la nueva sede de Banco Naci&oacute;n. Diferentes calles de nuestra ciudad se encuentran en plena etapa de intervenci&oacute;n, en el marco del plan integral de obras y servicios p&uacute;blicos [&hellip;]<\/p>\n","protected":false},"author":2,"featured_media":4087,"comment_status":"open","ping_status":"open","sticky":false,"template":"","format":"standard","meta":{"footnotes":""},"categories":[8,726],"tags":[557,257,207,1532],"class_list":["post-4083","post","type-post","status-publish","format-standard","has-post-thumbnail","hentry","category-provinciales","category-sociedad","tag-banco-nacion","tag-entre-rios","tag-santa-elena","tag-tareas"],"_links":{"self":[{"href":"https:\/\/partediario.com.ar\/index.php?rest_route=\/wp\/v2\/posts\/4083","targetHints":{"allow":["GET"]}}],"collection":[{"href":"https:\/\/partediario.com.ar\/index.php?rest_route=\/wp\/v2\/posts"}],"about":[{"href":"https:\/\/partediario.com.ar\/index.php?rest_route=\/wp\/v2\/types\/post"}],"author":[{"embeddable":true,"href":"https:\/\/partediario.com.ar\/index.php?rest_route=\/wp\/v2\/users\/2"}],"replies":[{"embeddable":true,"href":"https:\/\/partediario.com.ar\/index.php?rest_route=%2Fwp%2Fv2%2Fcomments&post=4083"}],"version-history":[{"count":1,"href":"https:\/\/partediario.com.ar\/index.php?rest_route=\/wp\/v2\/posts\/4083\/revisions"}],"predecessor-version":[{"id":4088,"href":"https:\/\/partediario.com.ar\/index.php?rest_route=\/wp\/v2\/posts\/4083\/revisions\/4088"}],"wp:featuredmedia":[{"embeddable":true,"href":"https:\/\/partediario.com.ar\/index.php?rest_route=\/wp\/v2\/media\/4087"}],"wp:attachment":[{"href":"https:\/\/partediario.com.ar\/index.php?rest_route=%2Fwp%2Fv2%2Fmedia&parent=4083"}],"wp:term":[{"taxonomy":"category","embeddable":true,"href":"https:\/\/partediario.com.ar\/index.php?rest_route=%2Fwp%2Fv2%2Fcategories&post=4083"},{"taxonomy":"post_tag","embeddable":true,"href":"https:\/\/partediario.com.ar\/index.php?rest_route=%2Fwp%2Fv2%2Ftags&post=4083"}],"curies":[{"name":"wp","href":"https:\/\/api.w.org\/{rel}","templated":true}]}}