{"id":4095,"date":"2024-07-06T18:50:17","date_gmt":"2024-07-06T21:50:17","guid":{"rendered":"https:\/\/partediario.com.ar\/?p=4095"},"modified":"2024-07-06T18:50:18","modified_gmt":"2024-07-06T21:50:18","slug":"el-consejo-asesor-de-marca-parana-hizo-un-balance-de-las-actividades-por-el-aniversario-de-la-ciudad","status":"publish","type":"post","link":"https:\/\/partediario.com.ar\/?p=4095","title":{"rendered":"El Consejo Asesor de Marca Paran\u00e1 hizo un balance de las actividades por el aniversario de la ciudad"},"content":{"rendered":"\n<h3 class=\"wp-block-heading\">Destacaron el trabajo conjunto y la participaci\u00f3n de vecinos y turistas en las propuestas desarrolladas durante junio. Marca Paran\u00e1 es un proceso p\u00fablico-privado en el que intervienen distintos sectores con el objetivo de poner en valor los talentos y capacidades de la capital provincial.<\/h3>\n\n\n\n<p>El encuentro de trabajo fue en el auditorio de la Facultad de Ciencias de la Educaci\u00f3n de la Universidad Nacional de Entre R\u00edos. All\u00ed, el secretario de Gobierno y Coordinaci\u00f3n de Gabinete de la Municipalidad, Santiago Halle, valor\u00f3 \u201cpoder colaborar con las distintas instituciones que crean valor en la ciudad, que invierten no solamente en t\u00e9rminos econ\u00f3micos sino tambi\u00e9n en ideas y en conocimiento; es muy importante trabajar en conjunto y continuar lo que venimos haciendo\u201d.<\/p>\n\n\n\n<p><\/p>\n\n\n\n<figure class=\"wp-block-image size-large\"><img loading=\"lazy\" decoding=\"async\" width=\"1024\" height=\"682\" src=\"https:\/\/partediario.com.ar\/wp-content\/uploads\/1720272430_da6ffacb192ae18a8036-1024x682.jpeg\" alt=\"\" class=\"wp-image-4097\" srcset=\"https:\/\/partediario.com.ar\/wp-content\/uploads\/1720272430_da6ffacb192ae18a8036-1024x682.jpeg 1024w, https:\/\/partediario.com.ar\/wp-content\/uploads\/1720272430_da6ffacb192ae18a8036-300x200.jpeg 300w, https:\/\/partediario.com.ar\/wp-content\/uploads\/1720272430_da6ffacb192ae18a8036-768x512.jpeg 768w, https:\/\/partediario.com.ar\/wp-content\/uploads\/1720272430_da6ffacb192ae18a8036-1536x1023.jpeg 1536w, https:\/\/partediario.com.ar\/wp-content\/uploads\/1720272430_da6ffacb192ae18a8036.jpeg 1600w\" sizes=\"auto, (max-width: 1024px) 100vw, 1024px\" \/><\/figure>\n\n\n\n<p><\/p>\n\n\n\n<p>En representaci\u00f3n de la sede anfitriona, la decana de la Facultad de Ciencias de la Educaci\u00f3n de la UNER, Aixa Boeykens, destac\u00f3 el \u201ctrabajo articulado\u201d entre la casa de altos estudios y la Municipalidad para concretar el proyecto de podcasts que se estren\u00f3 el 25 de Junio en coincidencia con el aniversario de la ciudad. A su vez, puso en valor el proceso de Marca Paran\u00e1 y la participaci\u00f3n de la facultad desde el inicio. Estuvo presente tambi\u00e9n el vicedecano, Carlos Mar\u00edn.<\/p>\n\n\n\n<p>La coordinadora del Programa, Anabel Waigandt, inform\u00f3 que en la reuni\u00f3n se repasaron las iniciativas que se vienen trabajando, lo ocurrido en Junio y los desaf\u00edos para Julio y las vacaciones de invierno. Tambi\u00e9n remarc\u00f3 otros proyectos en marcha, como la elecci\u00f3n del men\u00fa paranaense, las menciones especiales para paranaenses destacados y la conformaci\u00f3n de la mesa para el desarrollo econ\u00f3mico productivo de la ciudad. \u201cEl 2024 est\u00e1 siendo un a\u00f1o muy intenso para Marca Paran\u00e1 y eso quiere decir que hay muchos ciudadanos e instituciones que est\u00e1n de acuerdo en trabajar juntas para que la ciudad est\u00e9 cada vez mejor\u201d, sostuvo.<\/p>\n\n\n\n<p>Durante el \u00faltimo mes, Paran\u00e1 se destac\u00f3 por la cantidad de visitantes y excursionistas, con un promedio de 80 y 90% de ocupaci\u00f3n hotelera, en los dos fines de semana largos. Se valor\u00f3 que por tercer a\u00f1o consecutivo se celebra el aniversario de la ciudad tomando el 25 de Junio y el momento de elevaci\u00f3n al rango de Villa. Y remarcaron que esta efem\u00e9ride permite hablar de la historia y la identidad local. A\u00f1o a a\u00f1o, la iniciativa se consolida y se suman propuestas.<\/p>\n\n\n\n<p>Participaron del encuentro m\u00e1s de veinte organizaciones p\u00fablicas y privadas, representando al sector productivo, ambiental, tur\u00edstico, acad\u00e9mico, profesional, deportivo, comercial, entre otros.<\/p>\n\n\n\n<p><\/p>\n\n\n\n<figure class=\"wp-block-embed is-type-video is-provider-youtube wp-block-embed-youtube wp-embed-aspect-16-9 wp-has-aspect-ratio\"><div class=\"wp-block-embed__wrapper\">\n<iframe loading=\"lazy\" title=\"El Consejo Asesor de Marca Paran\u00e1 realiz\u00f3 un balance de las actividades\" width=\"640\" height=\"360\" src=\"https:\/\/www.youtube.com\/embed\/zp_YawCIy4g?feature=oembed\" frameborder=\"0\" allow=\"accelerometer; autoplay; clipboard-write; encrypted-media; gyroscope; picture-in-picture; web-share\" referrerpolicy=\"strict-origin-when-cross-origin\" allowfullscreen><\/iframe>\n<\/div><\/figure>\n","protected":false},"excerpt":{"rendered":"<p>Destacaron el trabajo conjunto y la participaci&oacute;n de vecinos y turistas en las propuestas desarrolladas durante junio. Marca Paran&aacute; es un proceso p&uacute;blico-privado en el que intervienen distintos sectores con el objetivo de poner en valor los talentos y capacidades de la capital provincial. El encuentro de trabajo fue en el auditorio de la Facultad [&hellip;]<\/p>\n","protected":false},"author":2,"featured_media":4096,"comment_status":"open","ping_status":"open","sticky":false,"template":"","format":"standard","meta":{"footnotes":""},"categories":[6,726],"tags":[1541,1538,1540,279,776],"class_list":["post-4095","post","type-post","status-publish","format-standard","has-post-thumbnail","hentry","category-locales","category-sociedad","tag-anabel-waigandt","tag-consejo-asesor","tag-marca-parana","tag-santiago-halle","tag-uner"],"_links":{"self":[{"href":"https:\/\/partediario.com.ar\/index.php?rest_route=\/wp\/v2\/posts\/4095","targetHints":{"allow":["GET"]}}],"collection":[{"href":"https:\/\/partediario.com.ar\/index.php?rest_route=\/wp\/v2\/posts"}],"about":[{"href":"https:\/\/partediario.com.ar\/index.php?rest_route=\/wp\/v2\/types\/post"}],"author":[{"embeddable":true,"href":"https:\/\/partediario.com.ar\/index.php?rest_route=\/wp\/v2\/users\/2"}],"replies":[{"embeddable":true,"href":"https:\/\/partediario.com.ar\/index.php?rest_route=%2Fwp%2Fv2%2Fcomments&post=4095"}],"version-history":[{"count":1,"href":"https:\/\/partediario.com.ar\/index.php?rest_route=\/wp\/v2\/posts\/4095\/revisions"}],"predecessor-version":[{"id":4098,"href":"https:\/\/partediario.com.ar\/index.php?rest_route=\/wp\/v2\/posts\/4095\/revisions\/4098"}],"wp:featuredmedia":[{"embeddable":true,"href":"https:\/\/partediario.com.ar\/index.php?rest_route=\/wp\/v2\/media\/4096"}],"wp:attachment":[{"href":"https:\/\/partediario.com.ar\/index.php?rest_route=%2Fwp%2Fv2%2Fmedia&parent=4095"}],"wp:term":[{"taxonomy":"category","embeddable":true,"href":"https:\/\/partediario.com.ar\/index.php?rest_route=%2Fwp%2Fv2%2Fcategories&post=4095"},{"taxonomy":"post_tag","embeddable":true,"href":"https:\/\/partediario.com.ar\/index.php?rest_route=%2Fwp%2Fv2%2Ftags&post=4095"}],"curies":[{"name":"wp","href":"https:\/\/api.w.org\/{rel}","templated":true}]}}