{"id":4114,"date":"2024-07-07T11:09:02","date_gmt":"2024-07-07T14:09:02","guid":{"rendered":"https:\/\/partediario.com.ar\/?p=4114"},"modified":"2024-07-07T11:09:03","modified_gmt":"2024-07-07T14:09:03","slug":"ate-califico-como-una-burrada-el-examen-de-ingreso-anonimo-al-estado-propuesta-por-sturzenegger","status":"publish","type":"post","link":"https:\/\/partediario.com.ar\/?p=4114","title":{"rendered":"ATE calific\u00f3 como una \u201cburrada\u201d el examen de ingreso an\u00f3nimo al Estado propuesta por Sturzenegger"},"content":{"rendered":"\n<p><strong>\u201cMuestra toda su ignorancia proponiendo implementar lo que ya existe en la ley\u201d, afirm\u00f3 Rodolfo Aguiar, secretario general de la Asociaci\u00f3n Trabajadores del Estado.<\/strong><\/p>\n\n\n\n<p>La Asociaci\u00f3n Trabajadores del Estado (ATE) calific\u00f3 como una \u201cburrada\u201d la propuesta del debutante ministro de Desregulaci\u00f3n y Transformaci\u00f3n del Estado, Federico Sturzenegger, sobre que las personas que ingresen a la funci\u00f3n p\u00fablica tengan que rendir un examen de ingreso.<\/p>\n\n\n\n<p><\/p>\n\n\n\n<figure class=\"wp-block-image size-full\"><img loading=\"lazy\" decoding=\"async\" width=\"579\" height=\"366\" src=\"https:\/\/partediario.com.ar\/wp-content\/uploads\/scrnli_7_7_2024_11-04-58.png\" alt=\"\" class=\"wp-image-4115\" srcset=\"https:\/\/partediario.com.ar\/wp-content\/uploads\/scrnli_7_7_2024_11-04-58.png 579w, https:\/\/partediario.com.ar\/wp-content\/uploads\/scrnli_7_7_2024_11-04-58-300x190.png 300w\" sizes=\"auto, (max-width: 579px) 100vw, 579px\" \/><\/figure>\n\n\n\n<p><\/p>\n\n\n\n<p>\u201cNo debut\u00f3 bien en su nuevo cargo <a href=\"http:\/\/@fedesturze\">@fedesturze<\/a>. Empieza con una burrada. Muestra toda su ignorancia proponiendo implementar lo que ya existe en la ley y establece nuestro Convenio Colectivo de Trabajo para la Administraci\u00f3n P\u00fablica Nacional 214\/06 (Proceso de Selecci\u00f3n y ex\u00e1menes para el ingreso)\u201d, asever\u00f3 Rodolfo Aguiar, secretario general de la Asociaci\u00f3n Trabajadores del Estado.<\/p>\n\n\n\n<p>El gremialista manifest\u00f3 adem\u00e1s que es \u201cperverso\u201d que el Gobierno nacional se manifieste acerca de las condiciones de ingreso al Estado, cuando \u201clo \u00fanico que hacen es generar egresos\u201d.<\/p>\n\n\n\n<p>Y agreg\u00f3: \u201cLa verdad que usted es tambi\u00e9n bastante hip\u00f3crita al referir al Derecho de Estabilidad cuando no paran de despedir y cesantear ilegalmente a toda la gente\u201d.<\/p>\n\n\n\n<p>La respuesta del referente sindical de los estatales al flamante ministro de Desregulaci\u00f3n se dio despu\u00e9s que Sturzenegger propusiera cambios en la carrera administrativa, que incluyen rendir \u201cun examen de ingreso a la funci\u00f3n p\u00fablica como la que se usa en los pa\u00edses con servicio civil profesional\u201d.<\/p>\n\n\n\n<p>\u201cEl examen de ingreso an\u00f3nimo permitir\u00e1 dejar atr\u00e1s la pesadilla de un Estado plagado de \u00f1oquis o acomodados pol\u00edticos que los argentinos de bien no merecen y que violan el esp\u00edritu de nuestra Constituci\u00f3n de separar la pol\u00edtica del empleo p\u00fablico\u201d, fundament\u00f3 el nuevo integrante del Gabinete en su cuenta de X.<\/p>\n\n\n\n<p>Sturzenegger hab\u00eda adelantado ayer durante su asunci\u00f3n como ministro que avanzar\u00e1 en una agenda de \u201ctransformaci\u00f3n del Estado\u201d, lo que podr\u00eda derivar en m\u00e1s recortes de personal en el sector p\u00fablico.<\/p>\n\n\n\n<p>\u201cEst\u00e1 esa famosa frase del Presidente que es: \u2018no hay plata\u2019, y me parece que es importante recalcarla, porque tenemos que entender que lo que gasta el sector p\u00fablico es un peso que alguien paga con impuestos\u201d, detall\u00f3 el nuevo integrante del Gabinete de Milei.<\/p>\n","protected":false},"excerpt":{"rendered":"<p>&ldquo;Muestra toda su ignorancia proponiendo implementar lo que ya existe en la ley&rdquo;, afirm&oacute; Rodolfo Aguiar, secretario general de la Asociaci&oacute;n Trabajadores del Estado. La Asociaci&oacute;n Trabajadores del Estado (ATE) calific&oacute; como una &ldquo;burrada&rdquo; la propuesta del debutante ministro de Desregulaci&oacute;n y Transformaci&oacute;n del Estado, Federico Sturzenegger, sobre que las personas que ingresen a la [&hellip;]<\/p>\n","protected":false},"author":2,"featured_media":4116,"comment_status":"open","ping_status":"open","sticky":false,"template":"","format":"standard","meta":{"footnotes":""},"categories":[978,5,176],"tags":[219,1545,1484,1279],"class_list":["post-4114","post","type-post","status-publish","format-standard","has-post-thumbnail","hentry","category-gremiales","category-nacionales","category-politica","tag-ate","tag-burrada","tag-federico-sturzenegger","tag-rodolfo-aguiar"],"_links":{"self":[{"href":"https:\/\/partediario.com.ar\/index.php?rest_route=\/wp\/v2\/posts\/4114","targetHints":{"allow":["GET"]}}],"collection":[{"href":"https:\/\/partediario.com.ar\/index.php?rest_route=\/wp\/v2\/posts"}],"about":[{"href":"https:\/\/partediario.com.ar\/index.php?rest_route=\/wp\/v2\/types\/post"}],"author":[{"embeddable":true,"href":"https:\/\/partediario.com.ar\/index.php?rest_route=\/wp\/v2\/users\/2"}],"replies":[{"embeddable":true,"href":"https:\/\/partediario.com.ar\/index.php?rest_route=%2Fwp%2Fv2%2Fcomments&post=4114"}],"version-history":[{"count":1,"href":"https:\/\/partediario.com.ar\/index.php?rest_route=\/wp\/v2\/posts\/4114\/revisions"}],"predecessor-version":[{"id":4117,"href":"https:\/\/partediario.com.ar\/index.php?rest_route=\/wp\/v2\/posts\/4114\/revisions\/4117"}],"wp:featuredmedia":[{"embeddable":true,"href":"https:\/\/partediario.com.ar\/index.php?rest_route=\/wp\/v2\/media\/4116"}],"wp:attachment":[{"href":"https:\/\/partediario.com.ar\/index.php?rest_route=%2Fwp%2Fv2%2Fmedia&parent=4114"}],"wp:term":[{"taxonomy":"category","embeddable":true,"href":"https:\/\/partediario.com.ar\/index.php?rest_route=%2Fwp%2Fv2%2Fcategories&post=4114"},{"taxonomy":"post_tag","embeddable":true,"href":"https:\/\/partediario.com.ar\/index.php?rest_route=%2Fwp%2Fv2%2Ftags&post=4114"}],"curies":[{"name":"wp","href":"https:\/\/api.w.org\/{rel}","templated":true}]}}