{"id":4118,"date":"2024-07-07T11:17:04","date_gmt":"2024-07-07T14:17:04","guid":{"rendered":"https:\/\/partediario.com.ar\/?p=4118"},"modified":"2024-07-07T11:17:05","modified_gmt":"2024-07-07T14:17:05","slug":"loan-fue-captado-con-fines-de-venta-expreso-burlando","status":"publish","type":"post","link":"https:\/\/partediario.com.ar\/?p=4118","title":{"rendered":"Loan fue \u201ccaptado con fines de venta\u201d, expres\u00f3 Burlando"},"content":{"rendered":"\n<p><strong>El abogado de los padres del ni\u00f1o de 5 a\u00f1os desaparecido hace 23 d\u00edas en Corrientes, se\u00f1al\u00f3 que lo \u201cm\u00e1s veros\u00edmil\u201d que observa es \u201cdirectamente la trata, la sustracci\u00f3n del menor\u201d.<\/strong><\/p>\n\n\n\n<p>El abogado de la familia de Loan Danilo Pe\u00f1a, Fernando Burlando, hizo referencia este s\u00e1bado al avance de la causa despu\u00e9s que la t\u00eda del ni\u00f1o, Laudelina Pe\u00f1a, fuera detenida tras ser acusada de haber participado de la sustracci\u00f3n y ocultamiento de su sobrino de 5 a\u00f1os que desapareci\u00f3 hace 23 d\u00edas. \u201cLo m\u00e1s veros\u00edmil en esta instancia es la captaci\u00f3n del menor con fines de venta\u201d, apunt\u00f3 Burlando.<\/p>\n\n\n\n<p>\u201cLa Justicia Federal ya hab\u00eda hecho una imputaci\u00f3n que t\u00e9cnicamente estaba mal realizada. Ayer, tras diversos episodios, directamente involucra a esta mujer en lo que es la captaci\u00f3n del menor. En principio, nosotros la ligamos directamente a la trata, a la sustracci\u00f3n del menor\u201d, manifest\u00f3 Burlando en declaraciones radiales.<\/p>\n\n\n\n<p><\/p>\n\n\n\n<figure class=\"wp-block-image size-full\"><img loading=\"lazy\" decoding=\"async\" width=\"800\" height=\"450\" src=\"https:\/\/partediario.com.ar\/wp-content\/uploads\/Loan.jpg\" alt=\"\" class=\"wp-image-4119\" srcset=\"https:\/\/partediario.com.ar\/wp-content\/uploads\/Loan.jpg 800w, https:\/\/partediario.com.ar\/wp-content\/uploads\/Loan-300x169.jpg 300w, https:\/\/partediario.com.ar\/wp-content\/uploads\/Loan-768x432.jpg 768w\" sizes=\"auto, (max-width: 800px) 100vw, 800px\" \/><\/figure>\n\n\n\n<p><\/p>\n\n\n\n<p>\u201cCuando uno abiertamente entorpece y obstruye la acci\u00f3n de la Justicia y no hay un motivo m\u00e1s que evidentemente el estar involucrado, esto decanta solo. Era una medida que por s\u00ed sola iba a detonarse. Era cuesti\u00f3n de tiempo\u201d, agreg\u00f3 el abogado defensor.<\/p>\n\n\n\n<p>\u201cSiempre el marco de los individuos que est\u00e1n acusados se manejan con estricto silencio. Ese silencio mafioso que obviamente a las investigaciones no les permite avanzar, pero hay confianza de que aparezca alg\u00fan elemento\u201d, indic\u00f3 el abogado de la familia de Loan.<\/p>\n\n\n\n<p>En otro momento de la entrevista, Burlando apunt\u00f3 contra una serie de irregularidades en la declaraci\u00f3n de Laudelina y carg\u00f3 contra la Justicia de la provincia.<\/p>\n\n\n\n<p>\u201cLaudelina primero declar\u00f3 en forma testimonial en una fiscal\u00eda de provincia, con una Justicia que hab\u00eda hecho un desastre en la investigaci\u00f3n. Tenemos un comisario provisto por la misma provincia que hizo locuras. Es un marco complicado\u201d, destac\u00f3 el letrado.<\/p>\n\n\n\n<p>\u201cLo m\u00e1s veros\u00edmil en esta instancia que observamos es la idea de la captaci\u00f3n del menor con fines de venta. Nosotros hablamos de pedofilia, de ritual sat\u00e1nico. Esto no es una exageraci\u00f3n porque ya hubo antecedentes en Corrientes. Hay un gran homenaje de determinado sector de la sociedad a San La Muerte\u201d, argument\u00f3 Burlando.<\/p>\n\n\n\n<p>Adem\u00e1s el abogado critic\u00f3 el accionar de algunos funcionarios nacionales y del Gobernador Eduardo Vald\u00e9s luego que el mandatario provincial dijera que tras la declaraci\u00f3n de Laudelina \u201chab\u00eda un principio de resoluci\u00f3n\u201d del caso.<\/p>\n\n\n\n<p>\u201cAc\u00e1 todos se olvidan de Loan y de su familia. Estos pap\u00e1s est\u00e1n recibiendo informaci\u00f3n de que lo violaron, lo mataron y nosotros tenemos la esperanza de encontrar a Loan con vida. Este es un panorama feo, malo, se respira un aire complicado all\u00e1\u201d, finaliz\u00f3 Burlando.<\/p>\n\n\n\n<p>Laudelina Pe\u00f1a, fue trasladada este s\u00e1bado al penal federal de Ezeiza, donde quedar\u00e1 alojada en el Complejo Penitenciario Femenino N\u00b04 tras haber sido acusada por la Justicia de haber participado de la sustracci\u00f3n y ocultamiento de su sobrino Loan y en haber \u201calterado evidencia del caso\u201d.<\/p>\n","protected":false},"excerpt":{"rendered":"<p>El abogado de los padres del ni&ntilde;o de 5 a&ntilde;os desaparecido hace 23 d&iacute;as en Corrientes, se&ntilde;al&oacute; que lo &ldquo;m&aacute;s veros&iacute;mil&rdquo; que observa es &ldquo;directamente la trata, la sustracci&oacute;n del menor&rdquo;. El abogado de la familia de Loan Danilo Pe&ntilde;a, Fernando Burlando, hizo referencia este s&aacute;bado al avance de la causa despu&eacute;s que la t&iacute;a [&hellip;]<\/p>\n","protected":false},"author":2,"featured_media":4120,"comment_status":"open","ping_status":"open","sticky":false,"template":"","format":"standard","meta":{"footnotes":""},"categories":[979,5,7],"tags":[889,1074,489,934,349],"class_list":["post-4118","post","type-post","status-publish","format-standard","has-post-thumbnail","hentry","category-judiciales","category-nacionales","category-policiales","tag-fernando-burlando","tag-laudelina","tag-loan-danilo-pena","tag-trata","tag-venta"],"_links":{"self":[{"href":"https:\/\/partediario.com.ar\/index.php?rest_route=\/wp\/v2\/posts\/4118","targetHints":{"allow":["GET"]}}],"collection":[{"href":"https:\/\/partediario.com.ar\/index.php?rest_route=\/wp\/v2\/posts"}],"about":[{"href":"https:\/\/partediario.com.ar\/index.php?rest_route=\/wp\/v2\/types\/post"}],"author":[{"embeddable":true,"href":"https:\/\/partediario.com.ar\/index.php?rest_route=\/wp\/v2\/users\/2"}],"replies":[{"embeddable":true,"href":"https:\/\/partediario.com.ar\/index.php?rest_route=%2Fwp%2Fv2%2Fcomments&post=4118"}],"version-history":[{"count":1,"href":"https:\/\/partediario.com.ar\/index.php?rest_route=\/wp\/v2\/posts\/4118\/revisions"}],"predecessor-version":[{"id":4121,"href":"https:\/\/partediario.com.ar\/index.php?rest_route=\/wp\/v2\/posts\/4118\/revisions\/4121"}],"wp:featuredmedia":[{"embeddable":true,"href":"https:\/\/partediario.com.ar\/index.php?rest_route=\/wp\/v2\/media\/4120"}],"wp:attachment":[{"href":"https:\/\/partediario.com.ar\/index.php?rest_route=%2Fwp%2Fv2%2Fmedia&parent=4118"}],"wp:term":[{"taxonomy":"category","embeddable":true,"href":"https:\/\/partediario.com.ar\/index.php?rest_route=%2Fwp%2Fv2%2Fcategories&post=4118"},{"taxonomy":"post_tag","embeddable":true,"href":"https:\/\/partediario.com.ar\/index.php?rest_route=%2Fwp%2Fv2%2Ftags&post=4118"}],"curies":[{"name":"wp","href":"https:\/\/api.w.org\/{rel}","templated":true}]}}