{"id":4122,"date":"2024-07-07T12:01:40","date_gmt":"2024-07-07T15:01:40","guid":{"rendered":"https:\/\/partediario.com.ar\/?p=4122"},"modified":"2024-07-07T12:01:45","modified_gmt":"2024-07-07T15:01:45","slug":"entre-rios-salud-y-pami-rubricaron-un-convenio-para-la-facturacion-de-prestaciones-brindadas-en-29-hospitales-de-la-costa-del-parana","status":"publish","type":"post","link":"https:\/\/partediario.com.ar\/?p=4122","title":{"rendered":"Entre R\u00edos: Salud y Pami rubricaron un convenio para la facturaci\u00f3n de prestaciones brindadas en 29 hospitales de la Costa del Paran\u00e1"},"content":{"rendered":"\n<h3 class=\"wp-block-heading\">Con el objetivo de acordar las pautas para la valorizaci\u00f3n, facturaci\u00f3n y pago de prestaciones brindadas por 29 hospitales p\u00fablicos de la provincia, se firm\u00f3 un convenio entre el Ministerio de Salud de Entre R\u00edos y el Instituto Nacional de Servicios Sociales para Jubilados y Pensionados (Pami).<\/h3>\n\n\n\n<p>En este sentido, bajo la Resoluci\u00f3n N\u00b0 1392\/24, el ministro de Salud de Entre R\u00edos, Guillermo Grieve, junto a parte de su Gabinete, y el director de la Unidad de Gesti\u00f3n Local (UGL) XIV \u2013 Entre R\u00edos del PAMI, Jos\u00e9 Julio Barci, procedieron este viernes a la firma del convenio, el cual tendr\u00e1 vigencia de un a\u00f1o, con posibilidad de extenderlo.<\/p>\n\n\n\n<p>De este modo, a trav\u00e9s de dicho convenio los establecimientos sanitarios que no ten\u00edan acuerdo como prestadores de Pami, podr\u00e1n facturar las pr\u00e1cticas que brinden a los afiliados, incluidos los Veteranos de Guerra de Malvinas y su grupo familiar.<\/p>\n\n\n\n<p>Los hospitales englobados en este acuerdo se encuentran inscriptos en el Registro Federal de Establecimientos de Salud (Refes). Se trata de los nosocomios de la Costa del Paran\u00e1, a saber: Dr. Enrique Fidanza, Nuestra Se\u00f1ora de Lujan, San Jos\u00e9, Colonia de Salud Mental, Per\u00fa, Ecuador, Gregoria P\u00e9rez, San Miguel, Santa Elena, 9 de Julio, San Blas, Santa Rosa, Dr. Gerardo Domagk, Dr. Pascual Palma, Materno Infantil San Roque, Escuela de Salud Mental, Dr. Joseph Lister, Dr. Brage Villar, Dr. Castilla Mira, Dr. Francisco Castaldo, Jos\u00e9 Mar\u00eda Miranda, San Francisco de As\u00eds, Vecinal Jos\u00e9 de San Mart\u00edn, Libertador General San Mart\u00edn, Falucho, Dr. Luis A. Ellerman (ex Liniers), Nuestra Se\u00f1ora del Carmen, San Roque, y Ferm\u00edn Salaberry.<\/p>\n\n\n\n<p>A prop\u00f3sito de este convenio, Grieve asever\u00f3: \u201cEs muy importante porque se ha firmado, con la UGL de la Costa del Paran\u00e1, un convenio para 29 hospitales a fin de dar continuidad a la asistencia con respecto al PAMI y que las gestiones para el recupero de las facturaciones sean m\u00e1s \u00e1giles y directas\u201d.<\/p>\n\n\n\n<p>Por su parte, Barci, indic\u00f3: \u201cEs un avance muy grande, tanto para los afiliados del PAMI, como para los hospitales p\u00fablicos, ya que a trav\u00e9s de este procedimiento se evitar\u00e1 la intermediaci\u00f3n que exist\u00eda a trav\u00e9s de la Superintendencia de Servicios de Salud, y se establecer\u00e1 una relaci\u00f3n directa entre la obra social y los prestadores, redundando en una mejora significativa en las gestiones\u201d.<\/p>\n\n\n\n<p>Como parte del procedimiento los hospitales tendr\u00e1n la obligaci\u00f3n de transmitir a Pami -v\u00eda electr\u00f3nica- las prestaciones realizadas a los afiliados. Las mismas deber\u00e1n instrumentarse a trav\u00e9s de la emisi\u00f3n por parte de los nosocomios de \u00f3rdenes m\u00e9dicas electr\u00f3nicas, \u00f3rdenes de prestaci\u00f3n o el instrumento\/modalidad que se determine seg\u00fan cada tipo de prestaci\u00f3n.<\/p>\n\n\n\n<p>Se prev\u00e9 que pr\u00f3ximamente se pueda concretar la firma de un nuevo convenio con la UGL XXIV de la Costa del Uruguay.<\/p>\n\n\n\n<p>Cabe indicar que en la firma del convenio estuvieron presentes, adem\u00e1s, el secretario de Salud, Daniel Blanzaco; la coordinadora general de Gesti\u00f3n Ministerial, Gabriela Diez; la directora general de Asuntos Jur\u00eddicos, Romina Sirota; el responsable del Departamento de Arancelamiento Hospitalario y el jefe de la Divisi\u00f3n Gesti\u00f3n de Cobro, Rodolfo Biele y Francisco Degregorio, respectivamente.<\/p>\n","protected":false},"excerpt":{"rendered":"<p>Con el objetivo de acordar las pautas para la valorizaci&oacute;n, facturaci&oacute;n y pago de prestaciones brindadas por 29 hospitales p&uacute;blicos de la provincia, se firm&oacute; un convenio entre el Ministerio de Salud de Entre R&iacute;os y el Instituto Nacional de Servicios Sociales para Jubilados y Pensionados (Pami). En este sentido, bajo la Resoluci&oacute;n N&deg; 1392\/24, [&hellip;]<\/p>\n","protected":false},"author":2,"featured_media":4123,"comment_status":"open","ping_status":"open","sticky":false,"template":"","format":"standard","meta":{"footnotes":""},"categories":[8,726],"tags":[1108,1547,257,307,1548,1546,1549,306],"class_list":["post-4122","post","type-post","status-publish","format-standard","has-post-thumbnail","hentry","category-provinciales","category-sociedad","tag-acuerdo","tag-costa-del-parana","tag-entre-rios","tag-guillermo-grieve","tag-jose-julio-barci","tag-pami","tag-prestaciones","tag-salud"],"_links":{"self":[{"href":"https:\/\/partediario.com.ar\/index.php?rest_route=\/wp\/v2\/posts\/4122","targetHints":{"allow":["GET"]}}],"collection":[{"href":"https:\/\/partediario.com.ar\/index.php?rest_route=\/wp\/v2\/posts"}],"about":[{"href":"https:\/\/partediario.com.ar\/index.php?rest_route=\/wp\/v2\/types\/post"}],"author":[{"embeddable":true,"href":"https:\/\/partediario.com.ar\/index.php?rest_route=\/wp\/v2\/users\/2"}],"replies":[{"embeddable":true,"href":"https:\/\/partediario.com.ar\/index.php?rest_route=%2Fwp%2Fv2%2Fcomments&post=4122"}],"version-history":[{"count":1,"href":"https:\/\/partediario.com.ar\/index.php?rest_route=\/wp\/v2\/posts\/4122\/revisions"}],"predecessor-version":[{"id":4124,"href":"https:\/\/partediario.com.ar\/index.php?rest_route=\/wp\/v2\/posts\/4122\/revisions\/4124"}],"wp:featuredmedia":[{"embeddable":true,"href":"https:\/\/partediario.com.ar\/index.php?rest_route=\/wp\/v2\/media\/4123"}],"wp:attachment":[{"href":"https:\/\/partediario.com.ar\/index.php?rest_route=%2Fwp%2Fv2%2Fmedia&parent=4122"}],"wp:term":[{"taxonomy":"category","embeddable":true,"href":"https:\/\/partediario.com.ar\/index.php?rest_route=%2Fwp%2Fv2%2Fcategories&post=4122"},{"taxonomy":"post_tag","embeddable":true,"href":"https:\/\/partediario.com.ar\/index.php?rest_route=%2Fwp%2Fv2%2Ftags&post=4122"}],"curies":[{"name":"wp","href":"https:\/\/api.w.org\/{rel}","templated":true}]}}