{"id":4126,"date":"2024-07-07T12:09:23","date_gmt":"2024-07-07T15:09:23","guid":{"rendered":"https:\/\/partediario.com.ar\/?p=4126"},"modified":"2024-07-07T12:09:24","modified_gmt":"2024-07-07T15:09:24","slug":"rosario-romero-acompano-el-acto-por-el-9-de-julio-en-la-escuela-teran","status":"publish","type":"post","link":"https:\/\/partediario.com.ar\/?p=4126","title":{"rendered":"Rosario Romero acompa\u00f1\u00f3 el acto por el 9 de Julio en la Escuela Ter\u00e1n"},"content":{"rendered":"\n<h3 class=\"wp-block-heading\">Fue este viernes en la instituci\u00f3n ubicada en calle Yapey\u00fa. La Intendenta de Paran\u00e1 particip\u00f3 junto a la comunidad educativa. Actu\u00f3 la Banda del Ej\u00e9rcito Argentino.<\/h3>\n\n\n\n<p>\u201cEs una de las escuelas m\u00e1s antiguas de la ciudad y quise acompa\u00f1arlos. Estamos homenajeando el 9 de Julio, que fue un compromiso de libertad de nuestra Patria\u201d, rememor\u00f3 la Presidenta Municipal.<\/p>\n\n\n\n<p><\/p>\n\n\n\n<figure class=\"wp-block-image size-full\"><img loading=\"lazy\" decoding=\"async\" width=\"525\" height=\"394\" src=\"https:\/\/partediario.com.ar\/wp-content\/uploads\/1720271834_c88a3c3d0bb7e5ea9968.jpeg\" alt=\"\" class=\"wp-image-4127\" srcset=\"https:\/\/partediario.com.ar\/wp-content\/uploads\/1720271834_c88a3c3d0bb7e5ea9968.jpeg 525w, https:\/\/partediario.com.ar\/wp-content\/uploads\/1720271834_c88a3c3d0bb7e5ea9968-300x225.jpeg 300w\" sizes=\"auto, (max-width: 525px) 100vw, 525px\" \/><\/figure>\n\n\n\n<p><\/p>\n\n\n\n<p>La directora de la escuela, Andrea Romero, consider\u00f3 que \u201ces muy importante la presencia de la Intendenta. En estos tiempos necesitamos fortalecer los lazos solidarios y el trabajo cooperativo\u201d.<\/p>\n\n\n\n<p>Durante el encuentro, la intendenta Romero entreg\u00f3 banderas argentinas como obsequio para la instituci\u00f3n.<\/p>\n\n\n\n<p>Estuvieron presentes el subsecretario de Pol\u00edticas Sociales, Nicol\u00e1s Mathieu; la directora de Habilitaciones de Licencias de Conducir, Mercedes Maslein; la banda del Comando de la Segunda Brigada Blindada del Ej\u00e9rcito Argentino y la comunidad educativa.<\/p>\n\n\n\n<p><\/p>\n\n\n\n<figure class=\"wp-block-embed is-type-video is-provider-youtube wp-block-embed-youtube wp-embed-aspect-16-9 wp-has-aspect-ratio\"><div class=\"wp-block-embed__wrapper\">\n<iframe loading=\"lazy\" title=\"Rosario Romero acompa\u00f1\u00f3 el acto por el 9 de Julio en la Escuela Ter\u00e1n\" width=\"640\" height=\"360\" src=\"https:\/\/www.youtube.com\/embed\/2IjHwip1SYQ?feature=oembed\" frameborder=\"0\" allow=\"accelerometer; autoplay; clipboard-write; encrypted-media; gyroscope; picture-in-picture; web-share\" referrerpolicy=\"strict-origin-when-cross-origin\" allowfullscreen><\/iframe>\n<\/div><\/figure>\n","protected":false},"excerpt":{"rendered":"<p>Fue este viernes en la instituci&oacute;n ubicada en calle Yapey&uacute;. La Intendenta de Paran&aacute; particip&oacute; junto a la comunidad educativa. Actu&oacute; la Banda del Ej&eacute;rcito Argentino. &ldquo;Es una de las escuelas m&aacute;s antiguas de la ciudad y quise acompa&ntilde;arlos. Estamos homenajeando el 9 de Julio, que fue un compromiso de libertad de nuestra Patria&rdquo;, rememor&oacute; [&hellip;]<\/p>\n","protected":false},"author":2,"featured_media":4128,"comment_status":"open","ping_status":"open","sticky":false,"template":"","format":"standard","meta":{"footnotes":""},"categories":[6,726],"tags":[709,1550,265,242],"class_list":["post-4126","post","type-post","status-publish","format-standard","has-post-thumbnail","hentry","category-locales","category-sociedad","tag-acto","tag-escuela-teran","tag-parana","tag-rosario-romero"],"_links":{"self":[{"href":"https:\/\/partediario.com.ar\/index.php?rest_route=\/wp\/v2\/posts\/4126","targetHints":{"allow":["GET"]}}],"collection":[{"href":"https:\/\/partediario.com.ar\/index.php?rest_route=\/wp\/v2\/posts"}],"about":[{"href":"https:\/\/partediario.com.ar\/index.php?rest_route=\/wp\/v2\/types\/post"}],"author":[{"embeddable":true,"href":"https:\/\/partediario.com.ar\/index.php?rest_route=\/wp\/v2\/users\/2"}],"replies":[{"embeddable":true,"href":"https:\/\/partediario.com.ar\/index.php?rest_route=%2Fwp%2Fv2%2Fcomments&post=4126"}],"version-history":[{"count":1,"href":"https:\/\/partediario.com.ar\/index.php?rest_route=\/wp\/v2\/posts\/4126\/revisions"}],"predecessor-version":[{"id":4129,"href":"https:\/\/partediario.com.ar\/index.php?rest_route=\/wp\/v2\/posts\/4126\/revisions\/4129"}],"wp:featuredmedia":[{"embeddable":true,"href":"https:\/\/partediario.com.ar\/index.php?rest_route=\/wp\/v2\/media\/4128"}],"wp:attachment":[{"href":"https:\/\/partediario.com.ar\/index.php?rest_route=%2Fwp%2Fv2%2Fmedia&parent=4126"}],"wp:term":[{"taxonomy":"category","embeddable":true,"href":"https:\/\/partediario.com.ar\/index.php?rest_route=%2Fwp%2Fv2%2Fcategories&post=4126"},{"taxonomy":"post_tag","embeddable":true,"href":"https:\/\/partediario.com.ar\/index.php?rest_route=%2Fwp%2Fv2%2Ftags&post=4126"}],"curies":[{"name":"wp","href":"https:\/\/api.w.org\/{rel}","templated":true}]}}