{"id":4138,"date":"2024-07-07T22:44:51","date_gmt":"2024-07-08T01:44:51","guid":{"rendered":"https:\/\/partediario.com.ar\/?p=4138"},"modified":"2024-07-07T22:44:56","modified_gmt":"2024-07-08T01:44:56","slug":"jair-bolsonaro-es-un-perseguido-judicial-dijo-milei-desde-brasil","status":"publish","type":"post","link":"https:\/\/partediario.com.ar\/?p=4138","title":{"rendered":"\u00abJair Bolsonaro es un perseguido judicial\u00bb, dijo Milei desde Brasil"},"content":{"rendered":"\n<p><strong>El Presidente Argentino fue el orador principal de la Conferencia de Acci\u00f3n Pol\u00edtica Conservadora en Cambori\u00fa.<\/strong><\/p>\n\n\n\n<p>Javier Milei dijo en Brasil que Jair Bolsonaro es un perseguido judicial y critic\u00f3 duramente la riqueza del presidente de Brasil, In\u00e1cio Lula Da Silva y de su familia.<\/p>\n\n\n\n<p>Milei se encuentra en Cambori\u00fa, en Brasil, donde particip\u00f3 de la Conferencia de Acci\u00f3n Pol\u00edtica Conservadora.<\/p>\n\n\n\n<p>En su discurso hizo referencia a las consecuencias de \u201cel socialismo\u201d en Am\u00e9rica Latina, y conden\u00f3 al r\u00e9gimen de Nicol\u00e1s Maduro, al que defini\u00f3 como una dictadura, al tiempo que volvi\u00f3 a se\u00f1alar que en Bolivia hubo un \u201cautogolpe\u201d.<\/p>\n\n\n\n<p>Volvi\u00f3 a hablar de Lula Da Silva, aunque sin mencionarlo, se\u00f1alando que \u201cen nombre de la justicia le han quitado a unos para darles a otros, que casualmente son sus hijos o sus amigos. Si tienen alguna duda vayan a ver c\u00f3mo viven las familias de estos adalides del socialismo siglo XXI, vean c\u00f3mo vive la familia de Maduro, vean c\u00f3mo viven los hijos de algunos de su propio pa\u00eds. Son todos multimillonarios que viven como si hubieran inventado a Google\u201d.<\/p>\n\n\n\n<p>Adem\u00e1s se\u00f1al\u00f3 que, los gobiernos populares fueron \u201cuna verdadera receta del desastre, tanto en lo econ\u00f3mico, lo social lo pol\u00edtico y lo cultural\u201d porque \u201clo \u00fanico que les interesa a los socialistas es el poder por el poder mismo\u201d.<\/p>\n\n\n\n<p>\u201cLa casta y los socialistas tienen miedo. Ellos est\u00e1n equivocados y nosotros (los libertarios) tenemos raz\u00f3n\u201d, asegur\u00f3 el presidente argentino.<\/p>\n\n\n\n<p>Adem\u00e1s dijo con respecto a Venezuela que \u201cno hay ning\u00fan gobierno del mundo que no reconozca que es una dictadura sanguinaria\u201d, y que lo mismo sucedi\u00f3 en Bolivia, durante el a\u00f1o 2019, \u201ccuando Evo Morales se obstin\u00f3 con un tercer mandato anticonstitucional\u201d.<\/p>\n\n\n\n<p>\u201cMiren la persecuci\u00f3n judicial que sufre nuestro amigo Jair Bolsonaro aqu\u00ed en Brasil. Y miren lo que esta pasando en Bolivia ahora mismo, que est\u00e1n dispuestos a montar un falso golpe de Estado con tal de sumar un puntito mas en otra elecci\u00f3n\u201d, expres\u00f3.<\/p>\n\n\n\n<p>Finalizando destac\u00f3 que \u201cvamos a salir de la miseria, les guste o no a los socialistas, con su apoyo o sin su apoyo\u201d, porque \u201cla gran mayor\u00eda eligi\u00f3 el cambio de r\u00e9gimen profundo\u201d que su espacio \u201cprometi\u00f3\u201d durante la campa\u00f1a, y que obtuvo el resultado electoral \u201cm\u00e1s holgado en d\u00e9cadas\u201d.<\/p>\n\n\n\n<p>\u201cTenemos el compromiso indeclinable de cumplir el deseo de la mayor\u00eda, aunque los beneficiarios de este sistema corrupto, parasitario y empobrecedor muevan cielo y tierra para evitarlo. \u00a1No pasar\u00e1n, no lo lograr\u00e1n, vamos a sacar al pa\u00eds adelante!. Conf\u00eden en ustedes mismos. H\u00e1ganse due\u00f1os de la pelea en cada rinc\u00f3n que sea necesario y tengan fe de que, si lo hacen con convicci\u00f3n, lograr\u00e1n el objetivo. Como dice el libro de los macabeos, la victoria en la batalla no depende de la cantidad de soldados sino de la fuerza que viene del cielo\u201d, finaliz\u00f3.<\/p>\n","protected":false},"excerpt":{"rendered":"<p>El Presidente Argentino fue el orador principal de la Conferencia de Acci&oacute;n Pol&iacute;tica Conservadora en Cambori&uacute;. Javier Milei dijo en Brasil que Jair Bolsonaro es un perseguido judicial y critic&oacute; duramente la riqueza del presidente de Brasil, In&aacute;cio Lula Da Silva y de su familia. Milei se encuentra en Cambori&uacute;, en Brasil, donde particip&oacute; de [&hellip;]<\/p>\n","protected":false},"author":2,"featured_media":4139,"comment_status":"open","ping_status":"open","sticky":false,"template":"","format":"standard","meta":{"footnotes":""},"categories":[9,176],"tags":[563,1563,866,232,335],"class_list":["post-4138","post","type-post","status-publish","format-standard","has-post-thumbnail","hentry","category-internacionales","category-politica","tag-brasil","tag-camboriu","tag-jair-bolsonaro","tag-javier-milei","tag-lula-da-silva"],"_links":{"self":[{"href":"https:\/\/partediario.com.ar\/index.php?rest_route=\/wp\/v2\/posts\/4138","targetHints":{"allow":["GET"]}}],"collection":[{"href":"https:\/\/partediario.com.ar\/index.php?rest_route=\/wp\/v2\/posts"}],"about":[{"href":"https:\/\/partediario.com.ar\/index.php?rest_route=\/wp\/v2\/types\/post"}],"author":[{"embeddable":true,"href":"https:\/\/partediario.com.ar\/index.php?rest_route=\/wp\/v2\/users\/2"}],"replies":[{"embeddable":true,"href":"https:\/\/partediario.com.ar\/index.php?rest_route=%2Fwp%2Fv2%2Fcomments&post=4138"}],"version-history":[{"count":1,"href":"https:\/\/partediario.com.ar\/index.php?rest_route=\/wp\/v2\/posts\/4138\/revisions"}],"predecessor-version":[{"id":4140,"href":"https:\/\/partediario.com.ar\/index.php?rest_route=\/wp\/v2\/posts\/4138\/revisions\/4140"}],"wp:featuredmedia":[{"embeddable":true,"href":"https:\/\/partediario.com.ar\/index.php?rest_route=\/wp\/v2\/media\/4139"}],"wp:attachment":[{"href":"https:\/\/partediario.com.ar\/index.php?rest_route=%2Fwp%2Fv2%2Fmedia&parent=4138"}],"wp:term":[{"taxonomy":"category","embeddable":true,"href":"https:\/\/partediario.com.ar\/index.php?rest_route=%2Fwp%2Fv2%2Fcategories&post=4138"},{"taxonomy":"post_tag","embeddable":true,"href":"https:\/\/partediario.com.ar\/index.php?rest_route=%2Fwp%2Fv2%2Ftags&post=4138"}],"curies":[{"name":"wp","href":"https:\/\/api.w.org\/{rel}","templated":true}]}}