{"id":4144,"date":"2024-07-07T23:04:29","date_gmt":"2024-07-08T02:04:29","guid":{"rendered":"https:\/\/partediario.com.ar\/?p=4144"},"modified":"2024-07-07T23:04:30","modified_gmt":"2024-07-08T02:04:30","slug":"siguen-las-bajas-renuncio-un-integrante-del-consejo-de-asesores-de-milei","status":"publish","type":"post","link":"https:\/\/partediario.com.ar\/?p=4144","title":{"rendered":"Siguen las bajas: renunci\u00f3 un integrante del Consejo de Asesores de Milei"},"content":{"rendered":"\n<p><strong>Se trata del economista Fausto Spotorno. Su salida se produjo d\u00edas luego que cuestionara algunas medidas del Gobierno nacional.<\/strong><\/p>\n\n\n\n<p>El economista Fausto Spotorno renunci\u00f3 al Consejo de Asesores del presidente Javier Milei. La renuncia se produjo d\u00edas despu\u00e9s que cuestionara las \u00faltimas medidas del Gobierno nacional.<\/p>\n\n\n\n<p>\u201cA partir de hoy dejo el Consejo de Asesores del Presidente, quiero agradecer al Presidente Javier Milei por la gran oportunidad de participar en este Consejo como tambi\u00e9n a Demian Reidel y al resto de sus miembros. Les deseo a todos el mayor de los \u00e9xitos\u201d, expres\u00f3 Spotorno en un mensaje publicado en su cuenta en X (ex Twitter).<\/p>\n\n\n\n<p><\/p>\n\n\n\n<blockquote class=\"twitter-tweet\"><p lang=\"es\" dir=\"ltr\">A partir de hoy dejo el Consejo de Asesores del Presidente, quiero agradecer al Presidente <a href=\"https:\/\/twitter.com\/JMilei?ref_src=twsrc%5Etfw\">@JMilei<\/a> por la gran oportunidad de participar en este Consejo como tambi\u00e9n a <a href=\"https:\/\/twitter.com\/dreidel1?ref_src=twsrc%5Etfw\">@dreidel1<\/a> y al resto de sus miembros. Les deseo a todos el mayor de los \u00e9xitos.<\/p>&mdash; Fausto Spotorno (@fspotorno) <a href=\"https:\/\/twitter.com\/fspotorno\/status\/1810072919810171245?ref_src=twsrc%5Etfw\">July 7, 2024<\/a><\/blockquote> <script async src=\"https:\/\/platform.twitter.com\/widgets.js\" charset=\"utf-8\"><\/script>\n\n\n\n<p><\/p>\n\n\n\n<p>Reidel, jefe del Consejo, le dej\u00f3 un mensaje en el mismo posteo: \u201cMuchas gracias Fausto por tu aporte en el consejo! Abrazo y suerte!\u201d.<\/p>\n\n\n\n<p>La salida de Spotorno se dio d\u00edas despu\u00e9s que criticara los anuncios del ministro de Econom\u00eda, Luis Caputo, y el titular del Banco Central, Santiago Bausili, sobre la segunda fase del plan econ\u00f3mico tras la sanci\u00f3n de la Ley Bases en el Congreso. \u201cEl Gobierno sali\u00f3 con un anuncio un viernes a la noche cuando el mercado esperaba algo m\u00e1s\u201d, se\u00f1al\u00f3 oportunamente.<\/p>\n\n\n\n<p>\u201cFue un muy mal anuncio, de una medida que no est\u00e1 mal, pero pod\u00eda hacerse con un comunicado del BCRA. Se infl\u00f3 el tema del anuncio y despu\u00e9s fue algo muy t\u00e9cnico\u201d, dispar\u00f3. La reacci\u00f3n del mercado, luego de la incertidumbre sobre el levantamiento del cepo y el rumbo de la econom\u00eda, marc\u00f3 un fuerte descontento en las jornadas posteriores a la conferencia de prensa de Caputo y Bausili.<\/p>\n\n\n\n<p><strong>Qui\u00e9nes integran el Consejo de Asesores Econ\u00f3micos<\/strong><\/p>\n\n\n\n<p>Spotorno integr\u00f3 hasta hoy el Consejo de Asesores Econ\u00f3micos de Milei, un grupo encargado de buscar iniciativas de largo plazo y, en la medida de lo posible, desarrollar el marco te\u00f3rico y pol\u00edtico para leyes que buscan reformas a largo plazo.<\/p>\n\n\n\n<p>Reidel, quien hab\u00eda sido considerado para el Banco Central, es el l\u00edder del Consejo que adem\u00e1s est\u00e1 compuesto por los economistas Ramiro Marra, Eduardo Bastitta, Ariel Coremberg y Miguel Boggiano.<\/p>\n","protected":false},"excerpt":{"rendered":"<p>Se trata del economista Fausto Spotorno. Su salida se produjo d&iacute;as luego que cuestionara algunas medidas del Gobierno nacional. El economista Fausto Spotorno renunci&oacute; al Consejo de Asesores del presidente Javier Milei. La renuncia se produjo d&iacute;as despu&eacute;s que cuestionara las &uacute;ltimas medidas del Gobierno nacional. &ldquo;A partir de hoy dejo el Consejo de Asesores [&hellip;]<\/p>\n","protected":false},"author":2,"featured_media":4145,"comment_status":"open","ping_status":"open","sticky":false,"template":"","format":"standard","meta":{"footnotes":""},"categories":[5,176],"tags":[1568,597,1567,232,378],"class_list":["post-4144","post","type-post","status-publish","format-standard","has-post-thumbnail","hentry","category-nacionales","category-politica","tag-asesores","tag-consejo","tag-fausto-spotorno","tag-javier-milei","tag-renuncia"],"_links":{"self":[{"href":"https:\/\/partediario.com.ar\/index.php?rest_route=\/wp\/v2\/posts\/4144","targetHints":{"allow":["GET"]}}],"collection":[{"href":"https:\/\/partediario.com.ar\/index.php?rest_route=\/wp\/v2\/posts"}],"about":[{"href":"https:\/\/partediario.com.ar\/index.php?rest_route=\/wp\/v2\/types\/post"}],"author":[{"embeddable":true,"href":"https:\/\/partediario.com.ar\/index.php?rest_route=\/wp\/v2\/users\/2"}],"replies":[{"embeddable":true,"href":"https:\/\/partediario.com.ar\/index.php?rest_route=%2Fwp%2Fv2%2Fcomments&post=4144"}],"version-history":[{"count":1,"href":"https:\/\/partediario.com.ar\/index.php?rest_route=\/wp\/v2\/posts\/4144\/revisions"}],"predecessor-version":[{"id":4146,"href":"https:\/\/partediario.com.ar\/index.php?rest_route=\/wp\/v2\/posts\/4144\/revisions\/4146"}],"wp:featuredmedia":[{"embeddable":true,"href":"https:\/\/partediario.com.ar\/index.php?rest_route=\/wp\/v2\/media\/4145"}],"wp:attachment":[{"href":"https:\/\/partediario.com.ar\/index.php?rest_route=%2Fwp%2Fv2%2Fmedia&parent=4144"}],"wp:term":[{"taxonomy":"category","embeddable":true,"href":"https:\/\/partediario.com.ar\/index.php?rest_route=%2Fwp%2Fv2%2Fcategories&post=4144"},{"taxonomy":"post_tag","embeddable":true,"href":"https:\/\/partediario.com.ar\/index.php?rest_route=%2Fwp%2Fv2%2Ftags&post=4144"}],"curies":[{"name":"wp","href":"https:\/\/api.w.org\/{rel}","templated":true}]}}