{"id":4147,"date":"2024-07-07T23:25:31","date_gmt":"2024-07-08T02:25:31","guid":{"rendered":"https:\/\/partediario.com.ar\/?p=4147"},"modified":"2024-07-07T23:25:32","modified_gmt":"2024-07-08T02:25:32","slug":"loan-declaro-la-hija-de-laudelina-hablo-de-soborno-y-nego-el-accidente","status":"publish","type":"post","link":"https:\/\/partediario.com.ar\/?p=4147","title":{"rendered":"Loan: declar\u00f3 la hija de Laudelina, habl\u00f3 de \u00absoborno\u00bb y neg\u00f3 el accidente"},"content":{"rendered":"\n<p><strong>Se cumplen 24 d\u00edas de la desaparici\u00f3n de Loan Danilo Pe\u00f1a en una peque\u00f1a localidad de la provincia de Corrientes. Hay 7 detenidos y estos son los \u00faltimos detalles.<\/strong><\/p>\n\n\n\n<p>Loan Danilo Pe\u00f1a, el nene de 5 a\u00f1os, fue visto por \u00faltima vez el 13 de junio, d\u00eda en el que particip\u00f3 de un almuerzo familiar en la casa de su abuela en la localidad de 9 de Julio, en Corrientes. <br><br>Por el caso de su misteriosa desaparici\u00f3n ya hay 7 detenidos. El \u00faltimo arresto se produjo el s\u00e1bado a la noche, cuando tras su declaraci\u00f3n indagatoria a Laudelina Pe\u00f1a le dictaron prisi\u00f3n provisional. La t\u00eda del chico, que est\u00e1 imputada por sustracci\u00f3n y ocultamiento de un menor, fue trasladada al penal de mujeres de Ezeiza. <br><br>Adem\u00e1s est\u00e1n imputados el capit\u00e1n de nav\u00edo de la Armada retirado Carlos P\u00e9rez, la exfuncionaria municipal Mar\u00eda Victoria Caillava, Antonio Ben\u00edtez (t\u00edo del chico), Daniel \u201cFierrito\u201d Ram\u00edrez y M\u00f3nica del Carmen Millapi.<br><br>El otro de los imputados es el comisario Walter Maciel. La calificaci\u00f3n por el momento es averiguaci\u00f3n de delito.<br><br>El caso es investigado por la jueza Federal Cristina Pozzer Penzo, el fiscal federal de Goya, Mariano de Guzm\u00e1n y la Procuradur\u00eda de Trata y Explotaci\u00f3n de Personas (Protex).<br><br><strong>Las palabras de Burlando<\/strong><br><br><strong>\u201cNada sirve si Loan no est\u00e1 entre nosotros\u201d.<\/strong><br><br>Fernando Burlando, el abogado de la familia de Loan, brind\u00f3 detalles sobre el testimonio que brind\u00f3 Macarena, la hija de Laudelina Pe\u00f1a, ante la Justicia.<br><br>\u201cDijo que le hab\u00edan ofrecido objetos. Una moto, alg\u00fan inmueble, a cambio de la declaraci\u00f3n y por eso Laudelina declar\u00f3 como lo hizo. Que recibi\u00f3 tambi\u00e9n amenazas\u201d, apunt\u00f3.<br><br>Sobre los avances en la investigaci\u00f3n, el letrado subray\u00f3: \u201cNada sirve si Loan no est\u00e1 entre nosotros<br><br>Tambi\u00e9n pidi\u00f3 \u201cgarantizar la seguridad\u201d de Laudelina, quien est\u00e1 detenida en el penal de Ezeiza.<\/p>\n\n\n\n<p><\/p>\n","protected":false},"excerpt":{"rendered":"<p>Se cumplen 24 d&iacute;as de la desaparici&oacute;n de Loan Danilo Pe&ntilde;a en una peque&ntilde;a localidad de la provincia de Corrientes. Hay 7 detenidos y estos son los &uacute;ltimos detalles. Loan Danilo Pe&ntilde;a, el nene de 5 a&ntilde;os, fue visto por &uacute;ltima vez el 13 de junio, d&iacute;a en el que particip&oacute; de un almuerzo familiar [&hellip;]<\/p>\n","protected":false},"author":2,"featured_media":4148,"comment_status":"open","ping_status":"open","sticky":false,"template":"","format":"standard","meta":{"footnotes":""},"categories":[979,5,7],"tags":[448,1074,489,1569],"class_list":["post-4147","post","type-post","status-publish","format-standard","has-post-thumbnail","hentry","category-judiciales","category-nacionales","category-policiales","tag-corrientes","tag-laudelina","tag-loan-danilo-pena","tag-penal-de-ezeiza"],"_links":{"self":[{"href":"https:\/\/partediario.com.ar\/index.php?rest_route=\/wp\/v2\/posts\/4147","targetHints":{"allow":["GET"]}}],"collection":[{"href":"https:\/\/partediario.com.ar\/index.php?rest_route=\/wp\/v2\/posts"}],"about":[{"href":"https:\/\/partediario.com.ar\/index.php?rest_route=\/wp\/v2\/types\/post"}],"author":[{"embeddable":true,"href":"https:\/\/partediario.com.ar\/index.php?rest_route=\/wp\/v2\/users\/2"}],"replies":[{"embeddable":true,"href":"https:\/\/partediario.com.ar\/index.php?rest_route=%2Fwp%2Fv2%2Fcomments&post=4147"}],"version-history":[{"count":1,"href":"https:\/\/partediario.com.ar\/index.php?rest_route=\/wp\/v2\/posts\/4147\/revisions"}],"predecessor-version":[{"id":4149,"href":"https:\/\/partediario.com.ar\/index.php?rest_route=\/wp\/v2\/posts\/4147\/revisions\/4149"}],"wp:featuredmedia":[{"embeddable":true,"href":"https:\/\/partediario.com.ar\/index.php?rest_route=\/wp\/v2\/media\/4148"}],"wp:attachment":[{"href":"https:\/\/partediario.com.ar\/index.php?rest_route=%2Fwp%2Fv2%2Fmedia&parent=4147"}],"wp:term":[{"taxonomy":"category","embeddable":true,"href":"https:\/\/partediario.com.ar\/index.php?rest_route=%2Fwp%2Fv2%2Fcategories&post=4147"},{"taxonomy":"post_tag","embeddable":true,"href":"https:\/\/partediario.com.ar\/index.php?rest_route=%2Fwp%2Fv2%2Ftags&post=4147"}],"curies":[{"name":"wp","href":"https:\/\/api.w.org\/{rel}","templated":true}]}}