{"id":4150,"date":"2024-07-08T08:25:41","date_gmt":"2024-07-08T11:25:41","guid":{"rendered":"https:\/\/partediario.com.ar\/?p=4150"},"modified":"2024-07-08T08:25:42","modified_gmt":"2024-07-08T11:25:42","slug":"el-gobierno-promulgo-la-ley-bases-y-el-paquete-fiscal","status":"publish","type":"post","link":"https:\/\/partediario.com.ar\/?p=4150","title":{"rendered":"El Gobierno promulg\u00f3 la Ley bases y el paquete fiscal"},"content":{"rendered":"\n<p><strong>A pocos d\u00edas de la firma del Pacto de Mayo, tras su aprobaci\u00f3n final el 27 de junio, el Gobierno promulg\u00f3 este lunes 8 de julio la ley de Bases y Punto de Partida para la Libertad de los Argentinos junto con el paquete fiscal. Las normativas entran en vigencia.<\/strong><\/p>\n\n\n\n<p>En la previa de la firma del Pacto de Mayo, luego de su aprobaci\u00f3n final el 27 de junio, el Gobierno promulg\u00f3 este lunes 8 de julio la ley de Bases y Punto de Partida para la Libertad de los Argentinos junto con el paquete fiscal. Ambas normativas entran en vigencia.<\/p>\n\n\n\n<p>Por un lado, la ley Bases le otorga facultades delegadas al presidente Javier Milei y contiene una amplia reforma del Estado, con la transformaci\u00f3n de \u00e1reas, la eliminaci\u00f3n y modificaci\u00f3n de normativas vigentes, la creaci\u00f3n de nuevos art\u00edculos que buscan desregular la econom\u00eda, una nueva reforma laboral y la implementaci\u00f3n del R\u00e9gimen de Incentivo para las Grandes Inversiones (RIGI).<\/p>\n\n\n\n<p>En cuanto al paquete fiscal, denominado Medidas fiscales paliativas y relevantes, contiene la reimposici\u00f3n del impuesto a las Ganancias para 800.000 trabajadores asalariados, la rebaja en Bienes personales y el blanqueo de capitales, entre otros puntos centrales para el gobierno nacional.<\/p>\n\n\n\n<p>La ley Bases fue aprobada con 147 votos afirmativos, 107 negativos 2 abstenciones. Tras la eliminaci\u00f3n de las privatizaciones de Aerol\u00edneas Argentinas, RTA (Radio y Televisi\u00f3n Argentina) y el Correo que defini\u00f3 el Senado, se esperaba un importante acompa\u00f1amiento.<\/p>\n\n\n\n<p>A pesar de querer insistir con las privatizaciones, el Gobierno tuvo que ceder en este punto. Lo mismo ocurri\u00f3 con la eliminaci\u00f3n de la Moratoria Previsional, que tambi\u00e9n fue descartada por la C\u00e1mara Alta.<\/p>\n","protected":false},"excerpt":{"rendered":"<p>A pocos d&iacute;as de la firma del Pacto de Mayo, tras su aprobaci&oacute;n final el 27 de junio, el Gobierno promulg&oacute; este lunes 8 de julio la ley de Bases y Punto de Partida para la Libertad de los Argentinos junto con el paquete fiscal. Las normativas entran en vigencia. En la previa de la [&hellip;]<\/p>\n","protected":false},"author":2,"featured_media":4151,"comment_status":"open","ping_status":"open","sticky":false,"template":"","format":"standard","meta":{"footnotes":""},"categories":[5,176],"tags":[232,223,708,1099,1570],"class_list":["post-4150","post","type-post","status-publish","format-standard","has-post-thumbnail","hentry","category-nacionales","category-politica","tag-javier-milei","tag-ley-bases","tag-pacto-de-mayo","tag-paquete","tag-promulgacion"],"_links":{"self":[{"href":"https:\/\/partediario.com.ar\/index.php?rest_route=\/wp\/v2\/posts\/4150","targetHints":{"allow":["GET"]}}],"collection":[{"href":"https:\/\/partediario.com.ar\/index.php?rest_route=\/wp\/v2\/posts"}],"about":[{"href":"https:\/\/partediario.com.ar\/index.php?rest_route=\/wp\/v2\/types\/post"}],"author":[{"embeddable":true,"href":"https:\/\/partediario.com.ar\/index.php?rest_route=\/wp\/v2\/users\/2"}],"replies":[{"embeddable":true,"href":"https:\/\/partediario.com.ar\/index.php?rest_route=%2Fwp%2Fv2%2Fcomments&post=4150"}],"version-history":[{"count":1,"href":"https:\/\/partediario.com.ar\/index.php?rest_route=\/wp\/v2\/posts\/4150\/revisions"}],"predecessor-version":[{"id":4152,"href":"https:\/\/partediario.com.ar\/index.php?rest_route=\/wp\/v2\/posts\/4150\/revisions\/4152"}],"wp:featuredmedia":[{"embeddable":true,"href":"https:\/\/partediario.com.ar\/index.php?rest_route=\/wp\/v2\/media\/4151"}],"wp:attachment":[{"href":"https:\/\/partediario.com.ar\/index.php?rest_route=%2Fwp%2Fv2%2Fmedia&parent=4150"}],"wp:term":[{"taxonomy":"category","embeddable":true,"href":"https:\/\/partediario.com.ar\/index.php?rest_route=%2Fwp%2Fv2%2Fcategories&post=4150"},{"taxonomy":"post_tag","embeddable":true,"href":"https:\/\/partediario.com.ar\/index.php?rest_route=%2Fwp%2Fv2%2Ftags&post=4150"}],"curies":[{"name":"wp","href":"https:\/\/api.w.org\/{rel}","templated":true}]}}