{"id":4153,"date":"2024-07-08T08:31:43","date_gmt":"2024-07-08T11:31:43","guid":{"rendered":"https:\/\/partediario.com.ar\/?p=4153"},"modified":"2024-07-08T09:13:32","modified_gmt":"2024-07-08T12:13:32","slug":"frio-en-entre-rios-esta-semana-se-esperan-jornadas-con-temperaturas-bajo-cero","status":"publish","type":"post","link":"https:\/\/partediario.com.ar\/?p=4153","title":{"rendered":"Fr\u00edo en Entre R\u00edos: esta semana se esperan jornadas con temperaturas bajo cero"},"content":{"rendered":"\n<p><strong>Para esta semana se anuncian temperaturas m\u00ednimas muy bajas en toda la provincia y regi\u00f3n. Las heladas ser\u00e1n las protagonistas al amanecer.<\/strong><\/p>\n\n\n\n<p>Todo indica que la ola de fr\u00edo que lleg\u00f3 a la regi\u00f3n continuar\u00e1 en los pr\u00f3ximos d\u00edas e incluso se profundizar\u00e1, trayendo jornadas con baj\u00edsimas temperaturas en las principales ciudades de Entre R\u00edos.<\/p>\n\n\n\n<p>El lunes comienza con una m\u00ednima de 2 grados y una m\u00e1xima de tan s\u00f3lo 9 grados en Paran\u00e1, pero la novedad se anuncia para el martes: ese d\u00eda la m\u00ednima caer\u00e1 a -1 grado, es decir un grado bajo cero, y para el m\u00edercoles rondar\u00e1 los cero grados.<\/p>\n\n\n\n<p>En ciudades del sur de la provincia, como Gualeguaych\u00fa, el registro ser\u00e1 a\u00fan m\u00e1s bajo: para el martes se esperan -3 grados, es decir tres grados bajo cero como temperatura m\u00ednima.<\/p>\n\n\n\n<p>Registros t\u00e9rmicos similares se aguardan para otras ciudades entrerrianas, en torno a menos un grado y un grado en los pr\u00f3ximos d\u00edas. Las m\u00e1ximas ser\u00e1n tambi\u00e9n bajas, por lo que casi no habr\u00eda momentos de alivio durante esas jornadas.<\/p>\n\n\n\n<p>El fr\u00edo extremo seguir\u00e1 presente hasta, al menos, el pr\u00f3ximo fin de semana.<\/p>\n\n\n\n<p><\/p>\n\n\n\n<figure class=\"wp-block-image size-full\"><img loading=\"lazy\" decoding=\"async\" width=\"682\" height=\"559\" src=\"https:\/\/partediario.com.ar\/wp-content\/uploads\/scrnli_8_7_2024_8-30-06.png\" alt=\"\" class=\"wp-image-4154\" srcset=\"https:\/\/partediario.com.ar\/wp-content\/uploads\/scrnli_8_7_2024_8-30-06.png 682w, https:\/\/partediario.com.ar\/wp-content\/uploads\/scrnli_8_7_2024_8-30-06-300x246.png 300w\" sizes=\"auto, (max-width: 682px) 100vw, 682px\" \/><\/figure>\n","protected":false},"excerpt":{"rendered":"<p>Para esta semana se anuncian temperaturas m&iacute;nimas muy bajas en toda la provincia y regi&oacute;n. Las heladas ser&aacute;n las protagonistas al amanecer. Todo indica que la ola de fr&iacute;o que lleg&oacute; a la regi&oacute;n continuar&aacute; en los pr&oacute;ximos d&iacute;as e incluso se profundizar&aacute;, trayendo jornadas con baj&iacute;simas temperaturas en las principales ciudades de Entre R&iacute;os. [&hellip;]<\/p>\n","protected":false},"author":2,"featured_media":4155,"comment_status":"open","ping_status":"open","sticky":false,"template":"","format":"standard","meta":{"footnotes":""},"categories":[8,726],"tags":[267,257],"class_list":["post-4153","post","type-post","status-publish","format-standard","has-post-thumbnail","hentry","category-provinciales","category-sociedad","tag-clima","tag-entre-rios"],"_links":{"self":[{"href":"https:\/\/partediario.com.ar\/index.php?rest_route=\/wp\/v2\/posts\/4153","targetHints":{"allow":["GET"]}}],"collection":[{"href":"https:\/\/partediario.com.ar\/index.php?rest_route=\/wp\/v2\/posts"}],"about":[{"href":"https:\/\/partediario.com.ar\/index.php?rest_route=\/wp\/v2\/types\/post"}],"author":[{"embeddable":true,"href":"https:\/\/partediario.com.ar\/index.php?rest_route=\/wp\/v2\/users\/2"}],"replies":[{"embeddable":true,"href":"https:\/\/partediario.com.ar\/index.php?rest_route=%2Fwp%2Fv2%2Fcomments&post=4153"}],"version-history":[{"count":2,"href":"https:\/\/partediario.com.ar\/index.php?rest_route=\/wp\/v2\/posts\/4153\/revisions"}],"predecessor-version":[{"id":4157,"href":"https:\/\/partediario.com.ar\/index.php?rest_route=\/wp\/v2\/posts\/4153\/revisions\/4157"}],"wp:featuredmedia":[{"embeddable":true,"href":"https:\/\/partediario.com.ar\/index.php?rest_route=\/wp\/v2\/media\/4155"}],"wp:attachment":[{"href":"https:\/\/partediario.com.ar\/index.php?rest_route=%2Fwp%2Fv2%2Fmedia&parent=4153"}],"wp:term":[{"taxonomy":"category","embeddable":true,"href":"https:\/\/partediario.com.ar\/index.php?rest_route=%2Fwp%2Fv2%2Fcategories&post=4153"},{"taxonomy":"post_tag","embeddable":true,"href":"https:\/\/partediario.com.ar\/index.php?rest_route=%2Fwp%2Fv2%2Ftags&post=4153"}],"curies":[{"name":"wp","href":"https:\/\/api.w.org\/{rel}","templated":true}]}}