{"id":4170,"date":"2024-07-08T10:24:17","date_gmt":"2024-07-08T13:24:17","guid":{"rendered":"https:\/\/partediario.com.ar\/?p=4170"},"modified":"2024-07-08T10:33:54","modified_gmt":"2024-07-08T13:33:54","slug":"entre-rios-desde-el-gobierno-contestaron-a-los-senadores-del-pj-que-cuestionaron-las-nuevas-designaciones-en-la-caja-de-jubilaciones","status":"publish","type":"post","link":"https:\/\/partediario.com.ar\/?p=4170","title":{"rendered":"Entre R\u00edos: desde el Gobierno contestaron a los senadores del PJ que cuestionaron las nuevas designaciones en la Caja de Jubilaciones"},"content":{"rendered":"\n<p><strong>El ministro de Gobierno y Trabajo, Manuel Troncoso, y el presidente de la Caja de Jubilaciones, Gast\u00f3n Bagnat, salieron al cruce de las fuertes cr\u00edticas que realizaron los senadores del PJ por la designaci\u00f3n de Alfredo Francolini como director del organismo.<\/strong><\/p>\n\n\n\n<p>En este marco Troncoso consider\u00f3 el comunicado de los senadores opositores como \u00abbastante inoportuno y poco cierto\u00bb y apunt\u00f3: \u00abNo se trata de ninguna manera de ampliaci\u00f3n de cargos pol\u00edticos, por el contrario\u00bb. En esta l\u00ednea, Bagnat ratific\u00f3 que la designaci\u00f3n de Francolini no se trat\u00f3 de un cargo pol\u00edtico. \u00abTodos los funcionarios somos puestos por la pol\u00edtica, somos puestos por el voto de la gente, directamente\u00bb.<\/p>\n\n\n\n<p>\u00abEs medio contradictorio el comunicado porque todos los funcionarios somos y tenemos cargos pol\u00edticos. Lo de Alfredo no es un cargo pol\u00edtico que no tiene ning\u00fan tipo de funciones o competencias, sino que tiene un rol claro, determinado y de trabajo permanente con los municipios, la Caja de Jubilaciones y la ciudadan\u00eda\u00bb, remarc\u00f3 el ministro. Adem\u00e1s Bagnat record\u00f3 la resoluci\u00f3n de carrera administrativa que, adem\u00e1s de fijar el nuevo organigrama, contempla la implementaci\u00f3n de dos vocal\u00edas en cargos de directores.<\/p>\n\n\n\n<p>\u00abLa austeridad y los controles que hemos aplicado desde el 10 de diciembre contribuyeron a parar ese d\u00e9ficit galopante y lo empez\u00f3 a bajar, gracias a esas medidas, controles y auditor\u00edas\u00bb, agreg\u00f3 el titular de la Caja y destac\u00f3 que se baj\u00f3 el d\u00e9ficit de 43% a 36%-37%. \u00abCon el resto de las medidas que estamos implementando, como dijo el ministro, en poquitos d\u00edas se va a poder anunciar realmente una baja sustancial\u201d, cerr\u00f3.<\/p>\n","protected":false},"excerpt":{"rendered":"<p>El ministro de Gobierno y Trabajo, Manuel Troncoso, y el presidente de la Caja de Jubilaciones, Gast&oacute;n Bagnat, salieron al cruce de las fuertes cr&iacute;ticas que realizaron los senadores del PJ por la designaci&oacute;n de Alfredo Francolini como director del organismo. En este marco Troncoso consider&oacute; el comunicado de los senadores opositores como &laquo;bastante inoportuno [&hellip;]<\/p>\n","protected":false},"author":2,"featured_media":4174,"comment_status":"open","ping_status":"open","sticky":false,"template":"","format":"standard","meta":{"footnotes":""},"categories":[176,8],"tags":[1579,1363,257,249,224,593,295],"class_list":["post-4170","post","type-post","status-publish","format-standard","has-post-thumbnail","hentry","category-politica","category-provinciales","tag-alfredo-francolini","tag-caja-jubilaciones","tag-entre-rios","tag-gaston-bagnat","tag-gobierno","tag-manuel-troncoso","tag-pj"],"_links":{"self":[{"href":"https:\/\/partediario.com.ar\/index.php?rest_route=\/wp\/v2\/posts\/4170","targetHints":{"allow":["GET"]}}],"collection":[{"href":"https:\/\/partediario.com.ar\/index.php?rest_route=\/wp\/v2\/posts"}],"about":[{"href":"https:\/\/partediario.com.ar\/index.php?rest_route=\/wp\/v2\/types\/post"}],"author":[{"embeddable":true,"href":"https:\/\/partediario.com.ar\/index.php?rest_route=\/wp\/v2\/users\/2"}],"replies":[{"embeddable":true,"href":"https:\/\/partediario.com.ar\/index.php?rest_route=%2Fwp%2Fv2%2Fcomments&post=4170"}],"version-history":[{"count":1,"href":"https:\/\/partediario.com.ar\/index.php?rest_route=\/wp\/v2\/posts\/4170\/revisions"}],"predecessor-version":[{"id":4172,"href":"https:\/\/partediario.com.ar\/index.php?rest_route=\/wp\/v2\/posts\/4170\/revisions\/4172"}],"wp:featuredmedia":[{"embeddable":true,"href":"https:\/\/partediario.com.ar\/index.php?rest_route=\/wp\/v2\/media\/4174"}],"wp:attachment":[{"href":"https:\/\/partediario.com.ar\/index.php?rest_route=%2Fwp%2Fv2%2Fmedia&parent=4170"}],"wp:term":[{"taxonomy":"category","embeddable":true,"href":"https:\/\/partediario.com.ar\/index.php?rest_route=%2Fwp%2Fv2%2Fcategories&post=4170"},{"taxonomy":"post_tag","embeddable":true,"href":"https:\/\/partediario.com.ar\/index.php?rest_route=%2Fwp%2Fv2%2Ftags&post=4170"}],"curies":[{"name":"wp","href":"https:\/\/api.w.org\/{rel}","templated":true}]}}