{"id":4180,"date":"2024-07-08T10:44:20","date_gmt":"2024-07-08T13:44:20","guid":{"rendered":"https:\/\/partediario.com.ar\/?p=4180"},"modified":"2024-07-08T10:44:22","modified_gmt":"2024-07-08T13:44:22","slug":"ante-la-ola-de-frio-es-importante-sostener-medidas-para-prevenir-enfermedades-respiratorias","status":"publish","type":"post","link":"https:\/\/partediario.com.ar\/?p=4180","title":{"rendered":"Ante la ola de fr\u00edo, es importante sostener medidas para prevenir enfermedades respiratorias"},"content":{"rendered":"\n<h3 class=\"wp-block-heading\">El Servicio Meteorol\u00f3gico Nacional (SMN) inform\u00f3 que cinco provincias, entre las que se encuentra Entre R\u00edos, se ver\u00e1n afectadas por el fr\u00edo extremo. Ante el alerta amarillo emitido, el Ministerio de Salud de la provincia advierte sobre pautas de prevenci\u00f3n para evitar enfermedades y accidentes.<\/h3>\n\n\n\n<p>Con el fr\u00edo, por lo general, tendemos a disminuir la ventilaci\u00f3n de los lugares con lo cual los microorganismos se concentran en el aire. Para evitar enfermedades respiratorias t\u00edpicas de esta \u00e9poca del a\u00f1o, es importante:<\/p>\n\n\n\n<p>-Ventilar los ambientes, ya que los virus y bacterias que causan este tipo de afecciones circulan con mayor frecuencia en invierno y las formas de contagios aumentan al permanecer y compartir ambientes cerrados o mal ventilados.<\/p>\n\n\n\n<p>-Reforzar los h\u00e1bitos de higiene, para evitar los contagios que se producen de una persona a otra, al saludar, agarrar las barras o picaportes en los veh\u00edculos de transporte p\u00fablico, o en el ingreso a edificios p\u00fablicos donde acceden muchas personas, por ejemplo.<\/p>\n\n\n\n<p>-Lavarse las manos de manera frecuente para disminuirlas posibilidades de contagios.<\/p>\n\n\n\n<p>-Taparse la boca o cubrirse con el brazo al momento de estornudar o toser para evitar la propagaci\u00f3n de los g\u00e9rmenes y evitar tocarse los ojos, la boca y la nariz.<\/p>\n\n\n\n<p><strong>Sobre las intoxicaciones por mon\u00f3xido<\/strong><\/p>\n\n\n\n<p>Cabe destacar que, la ventilaci\u00f3n adem\u00e1s, es indicada para prevenir intoxicaciones por inhalaci\u00f3n de mon\u00f3xido de carbono por combusti\u00f3n en el interior del hogar. Tambi\u00e9n es necesario evitar tener braseros o estufas sin las correspondientes salidas externas, como puede ser en ba\u00f1os, y garantizar siempre la ventilaci\u00f3n de los ambientes.<\/p>\n\n\n\n<p>Todos los espacios calefaccionados a gas deben tener una salida directa a la calle, como ser una rejilla por donde salga el aire. Si no la tiene, es fundamental dejar una ventana abierta.<\/p>\n\n\n\n<p><strong>La importancia de la vacunaci\u00f3n<\/strong><\/p>\n\n\n\n<p>Otra pauta que nos protege de la gripe o influenza, el COVID, o la bronquiolitis en beb\u00e9s, ni\u00f1os y ni\u00f1as, es la vacunaci\u00f3n.<\/p>\n\n\n\n<p>Particularmente en invierno, adultos, embarazadas, ni\u00f1as y ni\u00f1os y personas con alg\u00fan factor de riesgo, tienen a disposici\u00f3n vacunas para evitar enfermedades respiratorias: Antigripal, Covid, Antineumoc\u00f3cica y Virus Sincicial Respiratorio -(VSR)-para gestantes, que previene la bronquiolitis en reci\u00e9n nacidos y beb\u00e9s.<\/p>\n\n\n\n<p>Las mismas est\u00e1n incluidas en el Calendario Nacional de Vacunaci\u00f3n y disponibles en todos los vacunatorios de la provincia.<\/p>\n","protected":false},"excerpt":{"rendered":"<p>El Servicio Meteorol&oacute;gico Nacional (SMN) inform&oacute; que cinco provincias, entre las que se encuentra Entre R&iacute;os, se ver&aacute;n afectadas por el fr&iacute;o extremo. Ante el alerta amarillo emitido, el Ministerio de Salud de la provincia advierte sobre pautas de prevenci&oacute;n para evitar enfermedades y accidentes. Con el fr&iacute;o, por lo general, tendemos a disminuir la [&hellip;]<\/p>\n","protected":false},"author":2,"featured_media":4181,"comment_status":"open","ping_status":"open","sticky":false,"template":"","format":"standard","meta":{"footnotes":""},"categories":[8,726],"tags":[257,1004,1312,306],"class_list":["post-4180","post","type-post","status-publish","format-standard","has-post-thumbnail","hentry","category-provinciales","category-sociedad","tag-entre-rios","tag-frio","tag-ministerio","tag-salud"],"_links":{"self":[{"href":"https:\/\/partediario.com.ar\/index.php?rest_route=\/wp\/v2\/posts\/4180","targetHints":{"allow":["GET"]}}],"collection":[{"href":"https:\/\/partediario.com.ar\/index.php?rest_route=\/wp\/v2\/posts"}],"about":[{"href":"https:\/\/partediario.com.ar\/index.php?rest_route=\/wp\/v2\/types\/post"}],"author":[{"embeddable":true,"href":"https:\/\/partediario.com.ar\/index.php?rest_route=\/wp\/v2\/users\/2"}],"replies":[{"embeddable":true,"href":"https:\/\/partediario.com.ar\/index.php?rest_route=%2Fwp%2Fv2%2Fcomments&post=4180"}],"version-history":[{"count":1,"href":"https:\/\/partediario.com.ar\/index.php?rest_route=\/wp\/v2\/posts\/4180\/revisions"}],"predecessor-version":[{"id":4182,"href":"https:\/\/partediario.com.ar\/index.php?rest_route=\/wp\/v2\/posts\/4180\/revisions\/4182"}],"wp:featuredmedia":[{"embeddable":true,"href":"https:\/\/partediario.com.ar\/index.php?rest_route=\/wp\/v2\/media\/4181"}],"wp:attachment":[{"href":"https:\/\/partediario.com.ar\/index.php?rest_route=%2Fwp%2Fv2%2Fmedia&parent=4180"}],"wp:term":[{"taxonomy":"category","embeddable":true,"href":"https:\/\/partediario.com.ar\/index.php?rest_route=%2Fwp%2Fv2%2Fcategories&post=4180"},{"taxonomy":"post_tag","embeddable":true,"href":"https:\/\/partediario.com.ar\/index.php?rest_route=%2Fwp%2Fv2%2Ftags&post=4180"}],"curies":[{"name":"wp","href":"https:\/\/api.w.org\/{rel}","templated":true}]}}