{"id":4183,"date":"2024-07-08T10:51:50","date_gmt":"2024-07-08T13:51:50","guid":{"rendered":"https:\/\/partediario.com.ar\/?p=4183"},"modified":"2024-07-08T10:51:51","modified_gmt":"2024-07-08T13:51:51","slug":"entre-rios-el-dia-de-la-independencia-se-realizara-un-festival-patrio-en-la-vieja-usina","status":"publish","type":"post","link":"https:\/\/partediario.com.ar\/?p=4183","title":{"rendered":"Entre R\u00edos: el D\u00eda de la Independencia se realizar\u00e1 un festival patrio en La Vieja Usina"},"content":{"rendered":"\n<p><strong>El martes, a partir de las 10.30, se desarrollar\u00e1 en la capital entrerriana el \u00abFestival Patrio Edici\u00f3n Independencia\u00bb. Habr\u00e1 entretenimientos, m\u00fasica, emprendedores gastron\u00f3micos, entre otras actividades. La propuesta se extender\u00e1 durante todo el d\u00eda y ser\u00e1 con acceso libre y gratuito.<\/strong><\/p>\n\n\n\n<p>Para celebrar un nuevo aniversario de la emancipaci\u00f3n de Argentina, declarada por el Congreso General Constituyente en San Miguel de Tucum\u00e1n, en 1816, se realizar\u00e1 el \u00abFestival Patrio, Edici\u00f3n Independencia\u00bb, en el Centro Cultural y de Convenciones La Vieja Usina de Paran\u00e1.<\/p>\n\n\n\n<p>La propuesta comenzar\u00e1 a partir de las 10.30 del martes, se extender\u00e1 durante todo el d\u00eda y ser\u00e1 con acceso libre y gratuito. Habr\u00e1 gastronom\u00eda, entretenimientos, actividades culturales y espacio de concientizaci\u00f3n sobre la importancia del cuidado del ambiente.<\/p>\n\n\n\n<p>El festival contar\u00e1 con la participaci\u00f3n de m\u00e1s de 30 emprendedores artesanos de la Econom\u00eda Social y m\u00e1s de 25 emprendedores gastron\u00f3micos. En tanto, para esta edici\u00f3n se incluir\u00e1 la participaci\u00f3n de bandas locales, DJs, actividades recreativas para ni\u00f1os, y otras intervenciones culturales dise\u00f1adas para toda la familia. Tambi\u00e9n habr\u00e1 espacios verdes dedicados a la educaci\u00f3n y concientizaci\u00f3n sobre el cuidado del medio ambiente, donde ong\u00bfs ofrecer\u00e1n talleres educativos familiares, adem\u00e1s de juegos recreativos y educativos para ni\u00f1os. El uso responsable de los residuos ser\u00e1, adem\u00e1s, abordado desde la organizaci\u00f3n.<\/p>\n\n\n\n<p>Es importante mencionar que la actividad fue declarada de \u00abInter\u00e9s legislativo\u00bb por la C\u00e1mara de Diputados de la Provincia de Entre R\u00edos, con firma de la diputada Mar\u00eda Noelia Taborda (Juntos Por Entre R\u00edos).<\/p>\n\n\n\n<p><\/p>\n\n\n\n<figure class=\"wp-block-image size-large\"><img loading=\"lazy\" decoding=\"async\" width=\"1024\" height=\"673\" src=\"https:\/\/partediario.com.ar\/wp-content\/uploads\/FotoCulturaER-12-7-1-1-1024x673.jpg\" alt=\"\" class=\"wp-image-4184\" srcset=\"https:\/\/partediario.com.ar\/wp-content\/uploads\/FotoCulturaER-12-7-1-1-1024x673.jpg 1024w, https:\/\/partediario.com.ar\/wp-content\/uploads\/FotoCulturaER-12-7-1-1-300x197.jpg 300w, https:\/\/partediario.com.ar\/wp-content\/uploads\/FotoCulturaER-12-7-1-1-768x504.jpg 768w, https:\/\/partediario.com.ar\/wp-content\/uploads\/FotoCulturaER-12-7-1-1.jpg 1399w\" sizes=\"auto, (max-width: 1024px) 100vw, 1024px\" \/><\/figure>\n\n\n\n<p><\/p>\n\n\n\n<p><strong>Actividades programadas<\/strong><\/p>\n\n\n\n<p><strong>Sector para ni\u00f1os<\/strong><\/p>\n\n\n\n<p>A continuaci\u00f3n, un detalle de los talleres y juegos de concientizaci\u00f3n enfocados en el bienestar y el cuidado del ambiente y los horarios.<\/p>\n\n\n\n<p>14.30 Hs, CreArte: taller art\u00edstico de escarapelas y banderas, facilitado por Federico L\u00f3pez Lencina y Ludmila Torrilla Gauna. Ong Hacemos Verde.<\/p>\n\n\n\n<p>15:30 Hs, Aventuras Nutritivas: taller de alimentaci\u00f3n consciente, facilitado por Lic. Nicole Rubin.<\/p>\n\n\n\n<p>16.30 Hs, Sembrando Sostenibilidad: taller de compost, facilitado por la Ing. Liliana Ramos y Catalina Grippo. Ong Hacemos Verde.<\/p>\n\n\n\n<p>17 Hs, Descubriendo los sentidos: taller de emociones y bienestar, facilitador por la Lic. Gabriela Vieira.<\/p>\n\n\n\n<p><strong>Agenda cultural<\/strong><\/p>\n\n\n\n<p>En la Sala Ver\u00f3nica Kutel de La Vieja Usina se desarrollar\u00e1n las siguientes propuestas:<\/p>\n\n\n\n<p>10.30 Hs, Pulsa Litoral: taller de chamarrita, facilitado por Flor Mart\u00ednez y Nicol\u00e1s Ellemberger.<\/p>\n\n\n\n<p>13:30 Hs, Ballet TEKOAYHU. TEKOAYHU significa amistad en guaran\u00ed. Es un grupo de personas apasionadas por la m\u00fasica, la danza y la amistad. La profesora es Nancy Arr\u00faa y sus integrantes son de Colonia Avellaneda, San Benito, Sauce Montrull y Paran\u00e1.<\/p>\n\n\n\n<p>14 Hs, Orquesta Romina Iturain. Se trata de una orquesta Infanto Juvenil. Esc. Secundaria N\u00b015 de la Baxada del Paran\u00e1 y Esc. Secundaria N\u00b078 J.C. Esparza.<\/p>\n\n\n\n<p>14.30 Hs, Performance y jam de Acro Yoga. Grupo Acroyoga Paran\u00e1, multi espacio Selvita.<\/p>\n\n\n\n<p>15 Hs, San71 barreiro. Joven m\u00fasico de Paran\u00e1 que junto a su banda presentar\u00e1 sus temas.<\/p>\n\n\n\n<p>15.30 Hs, M\u00edstica de R\u00edo. Nicol\u00e1s Herrera y Juan Capdevila, una simbiosis de DJ\u00bfs de vieja guardia y la nueva generaci\u00f3n, buscando en sonidos latinos y folkl\u00f3ricos, revalorizar nuestra m\u00fasica y honrar nuestra tierra.<\/p>\n\n\n\n<p>16 Hs, Pilar Desk y Agos Firpo. De 25 a\u00f1os, 2 artistas compositoras solistas de la ciudad de Paran\u00e1 que en esta fecha van a compartir escenario fusionando en un mismo show ambos proyectos musicales.<\/p>\n\n\n\n<p>17 Hs, Control Sould + Auge. Competencia de Freestyle. M\u00fasicos de g\u00e9nero hip hop y rap. Auge recientemente clasificado para la competencia redbull.<\/p>\n\n\n\n<p>18.15 Hs, Lucho Qui\u00f1ones y su grupo incursionan en la m\u00fasica folkl\u00f3rica del Noroeste Argentino, rescatando canciones antiguas, danzas tradicionales y canciones de su autor\u00eda.<\/p>\n\n\n\n<p>19.15 Hs, Danzas Folkl\u00f3ricas. Flor Mart\u00ednez y Nicol\u00e1s Ellemberger.<\/p>\n\n\n\n<p>19:30 Hs, Juan Manuel Bilat, el acordeonista entrerriano que logr\u00f3 acercar a los j\u00f3venes a la m\u00fasica popular.<\/p>\n\n\n\n<p>La cita ser\u00e1 el martes 9 de Julio a las 10.30 en instalaciones del Centro Cultural y de Convenciones \u00abLa Vieja Usina\u00bb (Gregoria Matorras de San Martin 861, Paran\u00e1), dependiente de la Secretar\u00eda de Cultura de Entre R\u00edos.<\/p>\n\n\n\n<p>El evento es impulsado por los empresarios privados gastron\u00f3micos y culturales locales; y contar\u00e1 con la coorganizaci\u00f3n de la Secretar\u00eda de Cultura de Entre R\u00edos.<\/p>\n\n\n\n<p>La Vieja Usina fue escenario de un festival patrio realizado el 25 y 26 de mayo pasado. Las im\u00e1genes corresponden a esa celebraci\u00f3n, que convoc\u00f3 a una gran cantidad de p\u00fablico.<\/p>\n","protected":false},"excerpt":{"rendered":"<p>El martes, a partir de las 10.30, se desarrollar&aacute; en la capital entrerriana el &laquo;Festival Patrio Edici&oacute;n Independencia&raquo;. Habr&aacute; entretenimientos, m&uacute;sica, emprendedores gastron&oacute;micos, entre otras actividades. La propuesta se extender&aacute; durante todo el d&iacute;a y ser&aacute; con acceso libre y gratuito. Para celebrar un nuevo aniversario de la emancipaci&oacute;n de Argentina, declarada por el Congreso [&hellip;]<\/p>\n","protected":false},"author":2,"featured_media":4185,"comment_status":"open","ping_status":"open","sticky":false,"template":"","format":"standard","meta":{"footnotes":""},"categories":[8,726],"tags":[1581,257,265,809],"class_list":["post-4183","post","type-post","status-publish","format-standard","has-post-thumbnail","hentry","category-provinciales","category-sociedad","tag-dia-de-la-independencia","tag-entre-rios","tag-parana","tag-vieja-usina"],"_links":{"self":[{"href":"https:\/\/partediario.com.ar\/index.php?rest_route=\/wp\/v2\/posts\/4183","targetHints":{"allow":["GET"]}}],"collection":[{"href":"https:\/\/partediario.com.ar\/index.php?rest_route=\/wp\/v2\/posts"}],"about":[{"href":"https:\/\/partediario.com.ar\/index.php?rest_route=\/wp\/v2\/types\/post"}],"author":[{"embeddable":true,"href":"https:\/\/partediario.com.ar\/index.php?rest_route=\/wp\/v2\/users\/2"}],"replies":[{"embeddable":true,"href":"https:\/\/partediario.com.ar\/index.php?rest_route=%2Fwp%2Fv2%2Fcomments&post=4183"}],"version-history":[{"count":1,"href":"https:\/\/partediario.com.ar\/index.php?rest_route=\/wp\/v2\/posts\/4183\/revisions"}],"predecessor-version":[{"id":4186,"href":"https:\/\/partediario.com.ar\/index.php?rest_route=\/wp\/v2\/posts\/4183\/revisions\/4186"}],"wp:featuredmedia":[{"embeddable":true,"href":"https:\/\/partediario.com.ar\/index.php?rest_route=\/wp\/v2\/media\/4185"}],"wp:attachment":[{"href":"https:\/\/partediario.com.ar\/index.php?rest_route=%2Fwp%2Fv2%2Fmedia&parent=4183"}],"wp:term":[{"taxonomy":"category","embeddable":true,"href":"https:\/\/partediario.com.ar\/index.php?rest_route=%2Fwp%2Fv2%2Fcategories&post=4183"},{"taxonomy":"post_tag","embeddable":true,"href":"https:\/\/partediario.com.ar\/index.php?rest_route=%2Fwp%2Fv2%2Ftags&post=4183"}],"curies":[{"name":"wp","href":"https:\/\/api.w.org\/{rel}","templated":true}]}}