{"id":4191,"date":"2024-07-08T13:32:03","date_gmt":"2024-07-08T16:32:03","guid":{"rendered":"https:\/\/partediario.com.ar\/?p=4191"},"modified":"2024-07-08T13:32:05","modified_gmt":"2024-07-08T16:32:05","slug":"tabacalera-sarandi-denuncio-por-falso-testimonio-a-dos-diputados-de-la-coalicion-civica","status":"publish","type":"post","link":"https:\/\/partediario.com.ar\/?p=4191","title":{"rendered":"Tabacalera Sarand\u00ed denunci\u00f3 por falso testimonio a dos diputados de la Coalici\u00f3n C\u00edvica"},"content":{"rendered":"\n<p><strong>Fue tras la sanci\u00f3n de la Ley Bases que termin\u00f3 incorporando el cap\u00edtulo que obliga a la tabacalera a pagar impuestos internos.<\/strong><\/p>\n\n\n\n<p>Tabacalera Sarand\u00ed denunci\u00f3 a los diputados de la Coalici\u00f3n C\u00edvica Juan Manuel L\u00f3pez y Mar\u00eda Marcela Campagnoli por falso testimonio calificado contra la empresa y su presidente, Pablo Otero, en el marco de la puja abierta durante el tratamiento de la Ley Bases que incorpor\u00f3 el cap\u00edtulo que obliga al \u201cSe\u00f1or Tabaco\u201d a pagar impuestos.<\/p>\n\n\n\n<p>Seg\u00fan se inform\u00f3, la compa\u00f1\u00eda acus\u00f3 a los legisladores de participar en un embate \u00abpersecutorio y malicioso, presumiblemente orquestado en af\u00e1n de favorecer espurios intereses de multinacionales tabacaleras extranjeras, en detrimento de las empresas locales\u00bb.<\/p>\n\n\n\n<p>\u00abLos diputados L\u00f3pez y Campagnoli, en base a relatos period\u00edsticos construidos en supuestos hechos no fidedignos ni sustento real, dieron origen a la causa 2643\/2024 en tr\u00e1mite por el juzgado nacional 6 de la Ciudad de Buenos Aires, donde acusa a Sarand\u00ed de presuntas maniobras il\u00edcitas. La Empresa se ha presentado en la causa designando abogados y solicitando que se convoque a ambos diputados para que presten declaraci\u00f3n ante el juez y sean detalladamente interrogados por los letrados de la defensa\u00bb, destacaron desde Tabacalera Sarand\u00ed.<\/p>\n\n\n\n<p>Y agregaron: \u00abEl se\u00f1or Otero ha solicitado ser convocado a prestar declaraci\u00f3n para ampliar los t\u00e9rminos de su denuncia contra los legisladores, por falso testimonio calificado y acompa\u00f1ar evidencias fidedignas. Es manifiesta la campa\u00f1a de acoso y desprestigio contra nuestra empresa y su presidente, con mentiras, falsedades e inventos amplificados por periodistas y medios de comunicaci\u00f3n, con el fin de beneficiar a multinacionales como Massalin y British American Tobacco. Siempre acompa\u00f1ados por pol\u00edticos como L\u00f3pez o Campagnoli \u00e1vidos de prensa y al servicio de las grandes corporaciones\u201d.<\/p>\n\n\n\n<p>Asimismo Pablo Otero se\u00f1al\u00f3 que \u201ceste tipo de pol\u00edticos, denunciadores seriales, solo buscan protagonismo medi\u00e1tico sin importarles ni la verdad, ni los trabajadores ni el pa\u00eds. Los invito a que vengan a la Empresa y les digan a los trabajadores que quieren dejarles sin empleo, cerrar la f\u00e1brica y dejar en la calle a sus familias. Solo son cipayos de intereses de las grandes multinacionales y grupos period\u00edsticos que desprestigian y desvirt\u00faan la noble tarea que les otorg\u00f3 el pueblo con su voto\u201d, concluy\u00f3.<\/p>\n","protected":false},"excerpt":{"rendered":"<p>Fue tras la sanci&oacute;n de la Ley Bases que termin&oacute; incorporando el cap&iacute;tulo que obliga a la tabacalera a pagar impuestos internos. Tabacalera Sarand&iacute; denunci&oacute; a los diputados de la Coalici&oacute;n C&iacute;vica Juan Manuel L&oacute;pez y Mar&iacute;a Marcela Campagnoli por falso testimonio calificado contra la empresa y su presidente, Pablo Otero, en el marco de [&hellip;]<\/p>\n","protected":false},"author":2,"featured_media":4192,"comment_status":"open","ping_status":"open","sticky":false,"template":"","format":"standard","meta":{"footnotes":""},"categories":[979,5,176],"tags":[1591,1593,223,1594,1595,1590],"class_list":["post-4191","post","type-post","status-publish","format-standard","has-post-thumbnail","hentry","category-judiciales","category-nacionales","category-politica","tag-coalicion-civica","tag-juan-manuel-lopez","tag-ley-bases","tag-maria-marcela-campagnoli","tag-pablo-otero","tag-tabacalera-sarandi"],"_links":{"self":[{"href":"https:\/\/partediario.com.ar\/index.php?rest_route=\/wp\/v2\/posts\/4191","targetHints":{"allow":["GET"]}}],"collection":[{"href":"https:\/\/partediario.com.ar\/index.php?rest_route=\/wp\/v2\/posts"}],"about":[{"href":"https:\/\/partediario.com.ar\/index.php?rest_route=\/wp\/v2\/types\/post"}],"author":[{"embeddable":true,"href":"https:\/\/partediario.com.ar\/index.php?rest_route=\/wp\/v2\/users\/2"}],"replies":[{"embeddable":true,"href":"https:\/\/partediario.com.ar\/index.php?rest_route=%2Fwp%2Fv2%2Fcomments&post=4191"}],"version-history":[{"count":1,"href":"https:\/\/partediario.com.ar\/index.php?rest_route=\/wp\/v2\/posts\/4191\/revisions"}],"predecessor-version":[{"id":4193,"href":"https:\/\/partediario.com.ar\/index.php?rest_route=\/wp\/v2\/posts\/4191\/revisions\/4193"}],"wp:featuredmedia":[{"embeddable":true,"href":"https:\/\/partediario.com.ar\/index.php?rest_route=\/wp\/v2\/media\/4192"}],"wp:attachment":[{"href":"https:\/\/partediario.com.ar\/index.php?rest_route=%2Fwp%2Fv2%2Fmedia&parent=4191"}],"wp:term":[{"taxonomy":"category","embeddable":true,"href":"https:\/\/partediario.com.ar\/index.php?rest_route=%2Fwp%2Fv2%2Fcategories&post=4191"},{"taxonomy":"post_tag","embeddable":true,"href":"https:\/\/partediario.com.ar\/index.php?rest_route=%2Fwp%2Fv2%2Ftags&post=4191"}],"curies":[{"name":"wp","href":"https:\/\/api.w.org\/{rel}","templated":true}]}}