{"id":4223,"date":"2024-07-09T09:29:52","date_gmt":"2024-07-09T12:29:52","guid":{"rendered":"https:\/\/partediario.com.ar\/?p=4223"},"modified":"2024-07-09T11:44:43","modified_gmt":"2024-07-09T14:44:43","slug":"pacto-de-mayo-es-momento-de-mirar-para-adelante-expreso-frigerio","status":"publish","type":"post","link":"https:\/\/partediario.com.ar\/?p=4223","title":{"rendered":"Pacto de Mayo: \u201cEs momento de mirar para adelante\u201d, expres\u00f3 Frigerio"},"content":{"rendered":"\n<p><strong>El gobernador de Entre R\u00edos, Rogelio Frigerio, firm\u00f3 el Pacto de Mayo junto a otros 17 mandatarios provinciales en la Casa Hist\u00f3rica de Tucum\u00e1n. \u201cEs momento de mirar para delante y empezar a construir un futuro mejor\u201d, afirm\u00f3 el gobernador entrerriano.<\/strong><\/p>\n\n\n\n<p>\u00abHoy firmamos el pacto para consolidar nuestro compromiso con un rumbo de progreso y desarrollo, tanto a nivel nacional como en nuestra provincia. Es momento de mirar para delante y empezar a construir un futuro mejor\u00b7, se\u00f1al\u00f3 en sus redes sociales.<\/p>\n\n\n\n<p><\/p>\n\n\n\n<blockquote class=\"twitter-tweet\"><p lang=\"es\" dir=\"ltr\">Hoy firmamos el pacto para consolidar nuestro compromiso con un rumbo de progreso y desarrollo, tanto a nivel nacional como en nuestra provincia. Es momento de mirar para delante y empezar a construir un futuro mejor. <a href=\"https:\/\/t.co\/MwtoJ3uEvo\">pic.twitter.com\/MwtoJ3uEvo<\/a><\/p>&mdash; Rogelio Frigerio (@frigeriorogelio) <a href=\"https:\/\/twitter.com\/frigeriorogelio\/status\/1810533000074965061?ref_src=twsrc%5Etfw\">July 9, 2024<\/a><\/blockquote> <script async src=\"https:\/\/platform.twitter.com\/widgets.js\" charset=\"utf-8\"><\/script>\n\n\n\n<p><\/p>\n\n\n\n<p>El acto se desarroll\u00f3 a la hora cero de este 9 de Julio, D\u00eda de la Independencia.<\/p>\n\n\n\n<p>La provincia de Tucum\u00e1n recibi\u00f3 al presidente Javier Milei con una de las noches m\u00e1s fr\u00edas del a\u00f1o para celebrar los 208 a\u00f1os de la Declaraci\u00f3n de la Independencia, en el Museo Casa Hist\u00f3rica.<\/p>\n","protected":false},"excerpt":{"rendered":"<p>El gobernador de Entre R&iacute;os, Rogelio Frigerio, firm&oacute; el Pacto de Mayo junto a otros 17 mandatarios provinciales en la Casa Hist&oacute;rica de Tucum&aacute;n. &ldquo;Es momento de mirar para delante y empezar a construir un futuro mejor&rdquo;, afirm&oacute; el gobernador entrerriano. &laquo;Hoy firmamos el pacto para consolidar nuestro compromiso con un rumbo de progreso y [&hellip;]<\/p>\n","protected":false},"author":2,"featured_media":4224,"comment_status":"open","ping_status":"open","sticky":false,"template":"","format":"standard","meta":{"footnotes":""},"categories":[176,8],"tags":[708,245],"class_list":["post-4223","post","type-post","status-publish","format-standard","has-post-thumbnail","hentry","category-politica","category-provinciales","tag-pacto-de-mayo","tag-rogelio-frigerio"],"_links":{"self":[{"href":"https:\/\/partediario.com.ar\/index.php?rest_route=\/wp\/v2\/posts\/4223","targetHints":{"allow":["GET"]}}],"collection":[{"href":"https:\/\/partediario.com.ar\/index.php?rest_route=\/wp\/v2\/posts"}],"about":[{"href":"https:\/\/partediario.com.ar\/index.php?rest_route=\/wp\/v2\/types\/post"}],"author":[{"embeddable":true,"href":"https:\/\/partediario.com.ar\/index.php?rest_route=\/wp\/v2\/users\/2"}],"replies":[{"embeddable":true,"href":"https:\/\/partediario.com.ar\/index.php?rest_route=%2Fwp%2Fv2%2Fcomments&post=4223"}],"version-history":[{"count":1,"href":"https:\/\/partediario.com.ar\/index.php?rest_route=\/wp\/v2\/posts\/4223\/revisions"}],"predecessor-version":[{"id":4225,"href":"https:\/\/partediario.com.ar\/index.php?rest_route=\/wp\/v2\/posts\/4223\/revisions\/4225"}],"wp:featuredmedia":[{"embeddable":true,"href":"https:\/\/partediario.com.ar\/index.php?rest_route=\/wp\/v2\/media\/4224"}],"wp:attachment":[{"href":"https:\/\/partediario.com.ar\/index.php?rest_route=%2Fwp%2Fv2%2Fmedia&parent=4223"}],"wp:term":[{"taxonomy":"category","embeddable":true,"href":"https:\/\/partediario.com.ar\/index.php?rest_route=%2Fwp%2Fv2%2Fcategories&post=4223"},{"taxonomy":"post_tag","embeddable":true,"href":"https:\/\/partediario.com.ar\/index.php?rest_route=%2Fwp%2Fv2%2Ftags&post=4223"}],"curies":[{"name":"wp","href":"https:\/\/api.w.org\/{rel}","templated":true}]}}