{"id":4234,"date":"2024-07-09T11:15:15","date_gmt":"2024-07-09T14:15:15","guid":{"rendered":"https:\/\/partediario.com.ar\/?p=4234"},"modified":"2024-07-09T11:15:16","modified_gmt":"2024-07-09T14:15:16","slug":"duro-mensaje-de-la-iglesia-catolica-a-javier-milei","status":"publish","type":"post","link":"https:\/\/partediario.com.ar\/?p=4234","title":{"rendered":"Duro mensaje de la Iglesia Cat\u00f3lica a Javier Milei"},"content":{"rendered":"\n<p><strong>El arzobispo de Buenos Aires, Jorge Ignacio Garc\u00eda Cuerva, dio comienzo a su discurso en el Tedeum haciendo referencia a los \u201chermanos paralizados hace a\u00f1os en su esperanza\u201d y los que est\u00e1n \u201catravesados por el hambre la soledad\u201d.<\/strong><\/p>\n\n\n\n<p>\u201cUna justicia largamente esperada tantos argentinos tendidos, sobre una manta en el fr\u00edo de las veredas de las grandes ciudades del pa\u00eds, postrados a consecuencia de la falta de solidaridad y el ego\u00edsmo. En definitiva, tenemos una Argentina que nos duele hace mucho, que se dice independiente hace 208 a\u00f1os pero que a\u00fan hoy sufre las cadenas de diversas esclavitudes, que no nos dejan caminar como pueblo hacia un desarrollo pleno y una mejor calidad de vida para todos\u201d, expres\u00f3.<\/p>\n\n\n\n<p>Adem\u00e1s hizo referencia al \u201cgran objetivo\u201d que debemos tener como sociedad que debe abogar a que \u201cArgentina se cure\u201d, \u201cque se ponga de pie\u201d y que \u201cse independice de las camillas que la tienen postrada, paralizada y enferma\u201d; adem\u00e1s, haciendo alusi\u00f3n al Papa Francisco, manifest\u00f3 que \u201cno hay tiempo para la indiferencia\u201d y que nadie se puede \u201clavar las manos\u201d ante la situaci\u00f3n social que estamos viviendo como pa\u00eds.<\/p>\n\n\n\n<p>\u201cO somos hermanos o se viene todo abajo. Por eso invito a todos los aqu\u00ed presentes y tambi\u00e9n a quienes nos siguen por los medios de comunicaci\u00f3n y por las redes sociales a rezar juntos\u201d, finaliz\u00f3.<\/p>\n","protected":false},"excerpt":{"rendered":"<p>El arzobispo de Buenos Aires, Jorge Ignacio Garc&iacute;a Cuerva, dio comienzo a su discurso en el Tedeum haciendo referencia a los &ldquo;hermanos paralizados hace a&ntilde;os en su esperanza&rdquo; y los que est&aacute;n &ldquo;atravesados por el hambre la soledad&rdquo;. &ldquo;Una justicia largamente esperada tantos argentinos tendidos, sobre una manta en el fr&iacute;o de las veredas de [&hellip;]<\/p>\n","protected":false},"author":2,"featured_media":4235,"comment_status":"open","ping_status":"open","sticky":false,"template":"","format":"standard","meta":{"footnotes":""},"categories":[5,176],"tags":[1614,1613,232,1618,1617],"class_list":["post-4234","post","type-post","status-publish","format-standard","has-post-thumbnail","hentry","category-nacionales","category-politica","tag-catolica","tag-iglesia","tag-javier-milei","tag-jose-ignacio-garcia-cuerva","tag-tedeum-2"],"_links":{"self":[{"href":"https:\/\/partediario.com.ar\/index.php?rest_route=\/wp\/v2\/posts\/4234","targetHints":{"allow":["GET"]}}],"collection":[{"href":"https:\/\/partediario.com.ar\/index.php?rest_route=\/wp\/v2\/posts"}],"about":[{"href":"https:\/\/partediario.com.ar\/index.php?rest_route=\/wp\/v2\/types\/post"}],"author":[{"embeddable":true,"href":"https:\/\/partediario.com.ar\/index.php?rest_route=\/wp\/v2\/users\/2"}],"replies":[{"embeddable":true,"href":"https:\/\/partediario.com.ar\/index.php?rest_route=%2Fwp%2Fv2%2Fcomments&post=4234"}],"version-history":[{"count":1,"href":"https:\/\/partediario.com.ar\/index.php?rest_route=\/wp\/v2\/posts\/4234\/revisions"}],"predecessor-version":[{"id":4236,"href":"https:\/\/partediario.com.ar\/index.php?rest_route=\/wp\/v2\/posts\/4234\/revisions\/4236"}],"wp:featuredmedia":[{"embeddable":true,"href":"https:\/\/partediario.com.ar\/index.php?rest_route=\/wp\/v2\/media\/4235"}],"wp:attachment":[{"href":"https:\/\/partediario.com.ar\/index.php?rest_route=%2Fwp%2Fv2%2Fmedia&parent=4234"}],"wp:term":[{"taxonomy":"category","embeddable":true,"href":"https:\/\/partediario.com.ar\/index.php?rest_route=%2Fwp%2Fv2%2Fcategories&post=4234"},{"taxonomy":"post_tag","embeddable":true,"href":"https:\/\/partediario.com.ar\/index.php?rest_route=%2Fwp%2Fv2%2Ftags&post=4234"}],"curies":[{"name":"wp","href":"https:\/\/api.w.org\/{rel}","templated":true}]}}