{"id":4258,"date":"2024-07-09T14:27:28","date_gmt":"2024-07-09T17:27:28","guid":{"rendered":"https:\/\/partediario.com.ar\/?p=4258"},"modified":"2024-07-09T14:27:29","modified_gmt":"2024-07-09T17:27:29","slug":"milei-desfilo-junto-a-villarruel-en-uno-de-los-modernizados-tanques-tam-2ca2","status":"publish","type":"post","link":"https:\/\/partediario.com.ar\/?p=4258","title":{"rendered":"Milei desfil\u00f3 junto a Villarruel en uno de los modernizados tanques TAM 2CA2"},"content":{"rendered":"\n<p><strong>Rompiendo el protocolo, el presidente y Victoria Villarruel desfilaron por Avenida del Libertador arriba de una de las flamantes unidades del Ej\u00e9rcito Argentino.<\/strong><\/p>\n\n\n\n<p>El presidente Javier Milei y la vicepresidenta Victoria Villarruel se sumaron al desfile militar por el D\u00eda de la Independencia de forma activa, subi\u00e9ndose a un tanque, desde donde arengaron al p\u00fablico presente en Avenida del Libertador de la ciudad de Buenos Aires.<\/p>\n\n\n\n<p>Los integrantes del Poder Ejecutivo desfilaron junto a las fuerzas armadas por algunos metros a borde un tanque militar TAM 2CA2 que form\u00f3 parte de la presentaci\u00f3n.<\/p>\n\n\n\n<p>El presidente y la titular del Senado se mostraron muy entusiasmados con el viaje en tanque, al igual que durante todo el desfile militar.<\/p>\n\n\n\n<p>El presidente, con el paso de los excombatientes de Malvinas recibi\u00f3 varios obsequios de parte de los veteranos.<\/p>\n\n\n\n<p>A su lado estaba la vicepresidenta Victoria Villarruel, que se emocion\u00f3 hasta las l\u00e1grimas al recibir una bandera de parte de excombatientes.<\/p>\n\n\n\n<p><\/p>\n\n\n\n<figure class=\"wp-block-embed is-type-video is-provider-youtube wp-block-embed-youtube wp-embed-aspect-16-9 wp-has-aspect-ratio\"><div class=\"wp-block-embed__wrapper\">\n<iframe loading=\"lazy\" title=\"Villarruel y Milei se subieron a un tanque de guerra y saludaron en el desfile militar\" width=\"640\" height=\"360\" src=\"https:\/\/www.youtube.com\/embed\/5NL-o79YJPQ?feature=oembed\" frameborder=\"0\" allow=\"accelerometer; autoplay; clipboard-write; encrypted-media; gyroscope; picture-in-picture; web-share\" referrerpolicy=\"strict-origin-when-cross-origin\" allowfullscreen><\/iframe>\n<\/div><\/figure>\n","protected":false},"excerpt":{"rendered":"<p>Rompiendo el protocolo, el presidente y Victoria Villarruel desfilaron por Avenida del Libertador arriba de una de las flamantes unidades del Ej&eacute;rcito Argentino. El presidente Javier Milei y la vicepresidenta Victoria Villarruel se sumaron al desfile militar por el D&iacute;a de la Independencia de forma activa, subi&eacute;ndose a un tanque, desde donde arengaron al p&uacute;blico [&hellip;]<\/p>\n","protected":false},"author":2,"featured_media":4259,"comment_status":"open","ping_status":"open","sticky":false,"template":"","format":"standard","meta":{"footnotes":""},"categories":[5,726],"tags":[1454,232,1625,233],"class_list":["post-4258","post","type-post","status-publish","format-standard","has-post-thumbnail","hentry","category-nacionales","category-sociedad","tag-desfile","tag-javier-milei","tag-tam-2ca2","tag-victoria-villarruel"],"_links":{"self":[{"href":"https:\/\/partediario.com.ar\/index.php?rest_route=\/wp\/v2\/posts\/4258","targetHints":{"allow":["GET"]}}],"collection":[{"href":"https:\/\/partediario.com.ar\/index.php?rest_route=\/wp\/v2\/posts"}],"about":[{"href":"https:\/\/partediario.com.ar\/index.php?rest_route=\/wp\/v2\/types\/post"}],"author":[{"embeddable":true,"href":"https:\/\/partediario.com.ar\/index.php?rest_route=\/wp\/v2\/users\/2"}],"replies":[{"embeddable":true,"href":"https:\/\/partediario.com.ar\/index.php?rest_route=%2Fwp%2Fv2%2Fcomments&post=4258"}],"version-history":[{"count":1,"href":"https:\/\/partediario.com.ar\/index.php?rest_route=\/wp\/v2\/posts\/4258\/revisions"}],"predecessor-version":[{"id":4260,"href":"https:\/\/partediario.com.ar\/index.php?rest_route=\/wp\/v2\/posts\/4258\/revisions\/4260"}],"wp:featuredmedia":[{"embeddable":true,"href":"https:\/\/partediario.com.ar\/index.php?rest_route=\/wp\/v2\/media\/4259"}],"wp:attachment":[{"href":"https:\/\/partediario.com.ar\/index.php?rest_route=%2Fwp%2Fv2%2Fmedia&parent=4258"}],"wp:term":[{"taxonomy":"category","embeddable":true,"href":"https:\/\/partediario.com.ar\/index.php?rest_route=%2Fwp%2Fv2%2Fcategories&post=4258"},{"taxonomy":"post_tag","embeddable":true,"href":"https:\/\/partediario.com.ar\/index.php?rest_route=%2Fwp%2Fv2%2Ftags&post=4258"}],"curies":[{"name":"wp","href":"https:\/\/api.w.org\/{rel}","templated":true}]}}