{"id":4261,"date":"2024-07-09T14:37:23","date_gmt":"2024-07-09T17:37:23","guid":{"rendered":"https:\/\/partediario.com.ar\/?p=4261"},"modified":"2024-07-09T14:37:25","modified_gmt":"2024-07-09T17:37:25","slug":"caso-loan-macarena-la-hija-de-laudelina-realizo-una-grave-denuncia-sobre-uno-de-los-abogados","status":"publish","type":"post","link":"https:\/\/partediario.com.ar\/?p=4261","title":{"rendered":"Caso Loan: Macarena, la hija de Laudelina realiz\u00f3 una grave denuncia sobre uno de los abogados"},"content":{"rendered":"\n<h3 class=\"wp-block-heading\">Macarena habl\u00f3 nuevamente de la situaci\u00f3n que atraviesa su madre y apunt\u00f3 directamente contra quien intent\u00f3 sobornarla para culpar a Caillava y Carlos P\u00e9rez.<\/h3>\n\n\n\n<p>Macarena, hija de Laudelina Pe\u00f1a, acus\u00f3 al abogado Jos\u00e9 Codazzi -cercano al Gobernador de Corrientes, Gustavo Vald\u00e9s-, al se\u00f1alarlo como quien soborn\u00f3 y presion\u00f3 a su madre para que declare que su sobrino Loan Pe\u00f1a, el ni\u00f1o de cinco a\u00f1os que desapareci\u00f3 en Corrientes el 13 de junio pasado, fue atropellado por el matrimonio integrado por Mar\u00eda Victoria Caillava y Carlos P\u00e9rez.<\/p>\n\n\n\n<p>\u00abFue el abogado Jos\u00e9 Codazzi. No me dijeron de qui\u00e9n ven\u00eda el ofrecimiento, pero era para involucrar a P\u00e9rez y Caillava. La declaraci\u00f3n de mi mam\u00e1 fue producto de la amenaza porque yo estuve cuando nos dijeron esto. El abogado dijo que ten\u00eda que decir lo del accidente\u00bb, subray\u00f3 Macarena en di\u00e1logo con la prensa luego de declarar en la Fiscal\u00eda de Goya.<\/p>\n\n\n\n<p>Adem\u00e1s relat\u00f3 c\u00f3mo ambas fueron presionadas por su abogado: \u00abDec\u00eda que nos iban a llevar detenidas por la situaci\u00f3n de la zapatilla y porque ten\u00edan conocimiento de una llamada que me iba a comprometer a m\u00ed, lo cual result\u00f3 ser mentira\u00bb, dispar\u00f3.<\/p>\n\n\n\n<p>Con respecto a la zapatilla de Loan, encontrada en medio del campo en medio de la b\u00fasqueda realizada los primeros d\u00edas tras la desaparici\u00f3n del peque\u00f1o, Macarena remarc\u00f3: \u00ab\u00c9l quer\u00eda plantear que ella lo hab\u00eda hecho, pero no fue as\u00ed porque ella no la plant\u00f3. Yo estuve ah\u00ed cuando surgi\u00f3 la estrategia\u00bb.<\/p>\n\n\n\n<p>En una entrevista con Cr\u00f3nica, la joven expres\u00f3 que hasta el momento no hay noticias de Codazzi: \u00abEl abogado todav\u00eda no apareci\u00f3, lo est\u00e1n buscando\u00bb.<\/p>\n\n\n\n<p>\u00abHay mucha informaci\u00f3n que est\u00e1 bajo secreto de sumario. Son cosas muy fuertes, hay mucho poder y necesito protecci\u00f3n para mi mam\u00e1 y mis hermanos, no estamos seguros. Tenemos mucho miedo, queremos irnos a otra provincia\u00bb, finaliz\u00f3.<\/p>\n\n\n\n<p>Estas novedades se dieron el domingo por la tarde cuando Macarena se present\u00f3 y declar\u00f3 frente a la jueza Pozzer Penzo donde, adem\u00e1s de manifestar que fueron sobornadas, destac\u00f3 que en caso de contradecir la versi\u00f3n del accidente, su madre iba a aparecer suicidada en la c\u00e1rcel de Ezeiza, donde permanece detenida.<\/p>\n","protected":false},"excerpt":{"rendered":"<p>Macarena habl&oacute; nuevamente de la situaci&oacute;n que atraviesa su madre y apunt&oacute; directamente contra quien intent&oacute; sobornarla para culpar a Caillava y Carlos P&eacute;rez. Macarena, hija de Laudelina Pe&ntilde;a, acus&oacute; al abogado Jos&eacute; Codazzi -cercano al Gobernador de Corrientes, Gustavo Vald&eacute;s-, al se&ntilde;alarlo como quien soborn&oacute; y presion&oacute; a su madre para que declare que [&hellip;]<\/p>\n","protected":false},"author":2,"featured_media":4262,"comment_status":"open","ping_status":"open","sticky":false,"template":"","format":"standard","meta":{"footnotes":""},"categories":[979,5,7],"tags":[790,812,1626,1074,489,1573,789],"class_list":["post-4261","post","type-post","status-publish","format-standard","has-post-thumbnail","hentry","category-judiciales","category-nacionales","category-policiales","tag-carlos-perez","tag-denuncia","tag-jose-codazzi","tag-laudelina","tag-loan-danilo-pena","tag-macarena","tag-maria-victoria-caillava"],"_links":{"self":[{"href":"https:\/\/partediario.com.ar\/index.php?rest_route=\/wp\/v2\/posts\/4261","targetHints":{"allow":["GET"]}}],"collection":[{"href":"https:\/\/partediario.com.ar\/index.php?rest_route=\/wp\/v2\/posts"}],"about":[{"href":"https:\/\/partediario.com.ar\/index.php?rest_route=\/wp\/v2\/types\/post"}],"author":[{"embeddable":true,"href":"https:\/\/partediario.com.ar\/index.php?rest_route=\/wp\/v2\/users\/2"}],"replies":[{"embeddable":true,"href":"https:\/\/partediario.com.ar\/index.php?rest_route=%2Fwp%2Fv2%2Fcomments&post=4261"}],"version-history":[{"count":1,"href":"https:\/\/partediario.com.ar\/index.php?rest_route=\/wp\/v2\/posts\/4261\/revisions"}],"predecessor-version":[{"id":4263,"href":"https:\/\/partediario.com.ar\/index.php?rest_route=\/wp\/v2\/posts\/4261\/revisions\/4263"}],"wp:featuredmedia":[{"embeddable":true,"href":"https:\/\/partediario.com.ar\/index.php?rest_route=\/wp\/v2\/media\/4262"}],"wp:attachment":[{"href":"https:\/\/partediario.com.ar\/index.php?rest_route=%2Fwp%2Fv2%2Fmedia&parent=4261"}],"wp:term":[{"taxonomy":"category","embeddable":true,"href":"https:\/\/partediario.com.ar\/index.php?rest_route=%2Fwp%2Fv2%2Fcategories&post=4261"},{"taxonomy":"post_tag","embeddable":true,"href":"https:\/\/partediario.com.ar\/index.php?rest_route=%2Fwp%2Fv2%2Ftags&post=4261"}],"curies":[{"name":"wp","href":"https:\/\/api.w.org\/{rel}","templated":true}]}}