{"id":4267,"date":"2024-07-09T18:19:00","date_gmt":"2024-07-09T21:19:00","guid":{"rendered":"https:\/\/partediario.com.ar\/?p=4267"},"modified":"2024-07-09T18:40:43","modified_gmt":"2024-07-09T21:40:43","slug":"impactante-se-congelaron-las-hojas-de-los-arboles-en-colon-entre-rios","status":"publish","type":"post","link":"https:\/\/partediario.com.ar\/?p=4267","title":{"rendered":"Impactante: se congelaron las hojas de los \u00e1rboles en Col\u00f3n, Entre R\u00edos"},"content":{"rendered":"\n<p><strong>En medio de la fuerte ola de fr\u00edo en Entre R\u00edos, el pron\u00f3stico del Servicio Meteorol\u00f3gico Nacional hab\u00eda anunciado la tarde anterior, que este martes, la temperatura en Col\u00f3n pod\u00eda descender hasta los -3\u00b0 y la m\u00e1xima apenas rondar\u00eda los 8\u00b0.<\/strong><\/p>\n\n\n\n<p>Testigos presenciales de esta ola polar por la que atraviesa buena parte de la Argentina, son quienes trabajan al aire libre desde las primeras horas del d\u00eda. Entre ellos est\u00e1 Vanina Romero, empleada de Termas Col\u00f3n, quien no dud\u00f3 en registrar los efectos de un fen\u00f3meno que en la zona no es algo que se ve con frecuencia.<\/p>\n\n\n\n<p><\/p>\n\n\n\n<figure class=\"wp-block-image size-full\"><img loading=\"lazy\" decoding=\"async\" width=\"733\" height=\"519\" src=\"https:\/\/partediario.com.ar\/wp-content\/uploads\/scrnli_9_7_2024_18-08-53.png\" alt=\"\" class=\"wp-image-4268\" srcset=\"https:\/\/partediario.com.ar\/wp-content\/uploads\/scrnli_9_7_2024_18-08-53.png 733w, https:\/\/partediario.com.ar\/wp-content\/uploads\/scrnli_9_7_2024_18-08-53-300x212.png 300w\" sizes=\"auto, (max-width: 733px) 100vw, 733px\" \/><\/figure>\n\n\n\n<p><\/p>\n\n\n\n<figure class=\"wp-block-image size-full\"><img loading=\"lazy\" decoding=\"async\" width=\"777\" height=\"514\" src=\"https:\/\/partediario.com.ar\/wp-content\/uploads\/scrnli_9_7_2024_18-09-36.png\" alt=\"\" class=\"wp-image-4269\" srcset=\"https:\/\/partediario.com.ar\/wp-content\/uploads\/scrnli_9_7_2024_18-09-36.png 777w, https:\/\/partediario.com.ar\/wp-content\/uploads\/scrnli_9_7_2024_18-09-36-300x198.png 300w, https:\/\/partediario.com.ar\/wp-content\/uploads\/scrnli_9_7_2024_18-09-36-768x508.png 768w\" sizes=\"auto, (max-width: 777px) 100vw, 777px\" \/><\/figure>\n\n\n\n<p><\/p>\n\n\n\n<p>\u201cLas tom\u00e9 alrededor de las 7.40; hac\u00edan 2\u00b0 bajo cero\u201d, cont\u00f3 sobre las fotograf\u00edas que comparti\u00f3 en sus redes sociales.<\/p>\n\n\n\n<p>\u201cHace dos a\u00f1os que trabajo y es la primera vez que veo una helada as\u00ed\u201d, a\u00f1adi\u00f3; aunque compa\u00f1eros suyos que est\u00e1n hace m\u00e1s tiempo, ya hab\u00edan presenciado algo similar, cont\u00f3.<\/p>\n\n\n\n<p>Fuente: Impacto de Noticias<\/p>\n","protected":false},"excerpt":{"rendered":"<p>En medio de la fuerte ola de fr&iacute;o en Entre R&iacute;os, el pron&oacute;stico del Servicio Meteorol&oacute;gico Nacional hab&iacute;a anunciado la tarde anterior, que este martes, la temperatura en Col&oacute;n pod&iacute;a descender hasta los -3&deg; y la m&aacute;xima apenas rondar&iacute;a los 8&deg;. Testigos presenciales de esta ola polar por la que atraviesa buena parte de la [&hellip;]<\/p>\n","protected":false},"author":2,"featured_media":4274,"comment_status":"open","ping_status":"open","sticky":false,"template":"","format":"standard","meta":{"footnotes":""},"categories":[8,726],"tags":[1554,1632,257,1631,1634,1165,1633],"class_list":["post-4267","post","type-post","status-publish","format-standard","has-post-thumbnail","hentry","category-provinciales","category-sociedad","tag-colon","tag-congeladas","tag-entre-rios","tag-hojas","tag-ola","tag-polar","tag-vanina-romero"],"_links":{"self":[{"href":"https:\/\/partediario.com.ar\/index.php?rest_route=\/wp\/v2\/posts\/4267","targetHints":{"allow":["GET"]}}],"collection":[{"href":"https:\/\/partediario.com.ar\/index.php?rest_route=\/wp\/v2\/posts"}],"about":[{"href":"https:\/\/partediario.com.ar\/index.php?rest_route=\/wp\/v2\/types\/post"}],"author":[{"embeddable":true,"href":"https:\/\/partediario.com.ar\/index.php?rest_route=\/wp\/v2\/users\/2"}],"replies":[{"embeddable":true,"href":"https:\/\/partediario.com.ar\/index.php?rest_route=%2Fwp%2Fv2%2Fcomments&post=4267"}],"version-history":[{"count":1,"href":"https:\/\/partediario.com.ar\/index.php?rest_route=\/wp\/v2\/posts\/4267\/revisions"}],"predecessor-version":[{"id":4271,"href":"https:\/\/partediario.com.ar\/index.php?rest_route=\/wp\/v2\/posts\/4267\/revisions\/4271"}],"wp:featuredmedia":[{"embeddable":true,"href":"https:\/\/partediario.com.ar\/index.php?rest_route=\/wp\/v2\/media\/4274"}],"wp:attachment":[{"href":"https:\/\/partediario.com.ar\/index.php?rest_route=%2Fwp%2Fv2%2Fmedia&parent=4267"}],"wp:term":[{"taxonomy":"category","embeddable":true,"href":"https:\/\/partediario.com.ar\/index.php?rest_route=%2Fwp%2Fv2%2Fcategories&post=4267"},{"taxonomy":"post_tag","embeddable":true,"href":"https:\/\/partediario.com.ar\/index.php?rest_route=%2Fwp%2Fv2%2Ftags&post=4267"}],"curies":[{"name":"wp","href":"https:\/\/api.w.org\/{rel}","templated":true}]}}