{"id":4272,"date":"2024-07-09T18:27:29","date_gmt":"2024-07-09T21:27:29","guid":{"rendered":"https:\/\/partediario.com.ar\/?p=4272"},"modified":"2024-07-09T19:32:01","modified_gmt":"2024-07-09T22:32:01","slug":"shakira-dara-un-show-en-la-final-de-la-copa-america","status":"publish","type":"post","link":"https:\/\/partediario.com.ar\/?p=4272","title":{"rendered":"Shakira dar\u00e1 un show en la final de la Copa Am\u00e9rica"},"content":{"rendered":"\n<p><strong>La artista colombiana confirm\u00f3 que realizar\u00e1 un show en el entretiempo de la definici\u00f3n del certamen continental, en su edici\u00f3n 2024.<\/strong><\/p>\n\n\n\n<p>La Confederaci\u00f3n Sudamericana de F\u00fatbol (CONMEBOL) anunci\u00f3 que la artista colombiana Shakira dar\u00e1 un show en la previa de la final de la Copa Am\u00e9rica de Estados Unidos el pr\u00f3ximo domingo en Miami.<\/p>\n\n\n\n<p>El ente del f\u00fatbol sudamericano finalmente confirm\u00f3 el rumor que se ven\u00eda manejando desde antes del inicio del certamen y la exitosa cantante oriunda de Barranquilla dar\u00e1 un espect\u00e1culo en el entretiempo de la gran final que tendr\u00e1 lugar el pr\u00f3ximo domingo en el Hard Rock stadium de Miami. La artista de 47 a\u00f1os interpretar\u00e1 sus grandes \u00e9xitos con una puesta en escena imponente.<\/p>\n\n\n\n<p>La presencia de Shakira representar\u00e1 un hecho hist\u00f3rico para la historia de la Copa Am\u00e9rica ya que ser\u00e1 la primera vez en realizarse tras iniciado el encuentro. El torneo de selecciones m\u00e1s antiguo del mundo tendr\u00e1 a una de las representantes latinoamericanas m\u00e1s importantes en la m\u00fasica internacional que, y quiz\u00e1s podr\u00eda presenciar una posible final de su pa\u00eds, Colombia.<\/p>\n\n\n\n<p>La artista de Barranquilla continua su protagonismo en los eventos deportivos como lo fue en tres Mundiales y un Super Bowl. Tambi\u00e9n compuso la canci\u00f3n de la Copa del Mundo de Sud\u00e1frica 2010 (Waka Waka) y de Brasil 2014 (La La La).<\/p>\n\n\n\n<p><\/p>\n\n\n\n<figure class=\"wp-block-image size-full\"><img loading=\"lazy\" decoding=\"async\" width=\"779\" height=\"434\" src=\"https:\/\/partediario.com.ar\/wp-content\/uploads\/scrnli_9_7_2024_18-19-42.png\" alt=\"\" class=\"wp-image-4276\" srcset=\"https:\/\/partediario.com.ar\/wp-content\/uploads\/scrnli_9_7_2024_18-19-42.png 779w, https:\/\/partediario.com.ar\/wp-content\/uploads\/scrnli_9_7_2024_18-19-42-300x167.png 300w, https:\/\/partediario.com.ar\/wp-content\/uploads\/scrnli_9_7_2024_18-19-42-768x428.png 768w\" sizes=\"auto, (max-width: 779px) 100vw, 779px\" \/><\/figure>\n","protected":false},"excerpt":{"rendered":"<p>La artista colombiana confirm&oacute; que realizar&aacute; un show en el entretiempo de la definici&oacute;n del certamen continental, en su edici&oacute;n 2024. La Confederaci&oacute;n Sudamericana de F&uacute;tbol (CONMEBOL) anunci&oacute; que la artista colombiana Shakira dar&aacute; un show en la previa de la final de la Copa Am&eacute;rica de Estados Unidos el pr&oacute;ximo domingo en Miami. El [&hellip;]<\/p>\n","protected":false},"author":2,"featured_media":4275,"comment_status":"open","ping_status":"open","sticky":false,"template":"","format":"standard","meta":{"footnotes":""},"categories":[4,9],"tags":[413,1215,1636,1635],"class_list":["post-4272","post","type-post","status-publish","format-standard","has-post-thumbnail","hentry","category-deportes","category-internacionales","tag-copa-america","tag-final","tag-shakira","tag-show"],"_links":{"self":[{"href":"https:\/\/partediario.com.ar\/index.php?rest_route=\/wp\/v2\/posts\/4272","targetHints":{"allow":["GET"]}}],"collection":[{"href":"https:\/\/partediario.com.ar\/index.php?rest_route=\/wp\/v2\/posts"}],"about":[{"href":"https:\/\/partediario.com.ar\/index.php?rest_route=\/wp\/v2\/types\/post"}],"author":[{"embeddable":true,"href":"https:\/\/partediario.com.ar\/index.php?rest_route=\/wp\/v2\/users\/2"}],"replies":[{"embeddable":true,"href":"https:\/\/partediario.com.ar\/index.php?rest_route=%2Fwp%2Fv2%2Fcomments&post=4272"}],"version-history":[{"count":2,"href":"https:\/\/partediario.com.ar\/index.php?rest_route=\/wp\/v2\/posts\/4272\/revisions"}],"predecessor-version":[{"id":4277,"href":"https:\/\/partediario.com.ar\/index.php?rest_route=\/wp\/v2\/posts\/4272\/revisions\/4277"}],"wp:featuredmedia":[{"embeddable":true,"href":"https:\/\/partediario.com.ar\/index.php?rest_route=\/wp\/v2\/media\/4275"}],"wp:attachment":[{"href":"https:\/\/partediario.com.ar\/index.php?rest_route=%2Fwp%2Fv2%2Fmedia&parent=4272"}],"wp:term":[{"taxonomy":"category","embeddable":true,"href":"https:\/\/partediario.com.ar\/index.php?rest_route=%2Fwp%2Fv2%2Fcategories&post=4272"},{"taxonomy":"post_tag","embeddable":true,"href":"https:\/\/partediario.com.ar\/index.php?rest_route=%2Fwp%2Fv2%2Ftags&post=4272"}],"curies":[{"name":"wp","href":"https:\/\/api.w.org\/{rel}","templated":true}]}}