{"id":4301,"date":"2024-07-10T10:35:10","date_gmt":"2024-07-10T13:35:10","guid":{"rendered":"https:\/\/partediario.com.ar\/?p=4301"},"modified":"2024-07-10T10:35:12","modified_gmt":"2024-07-10T13:35:12","slug":"siguen-los-cambios-milei-echo-al-titular-de-bioeconomia-y-sera-nuevamente-secretaria-de-agricultura","status":"publish","type":"post","link":"https:\/\/partediario.com.ar\/?p=4301","title":{"rendered":"Siguen los cambios: Milei ech\u00f3 al titular de Bioeconom\u00eda y ser\u00e1 nuevamente Secretar\u00eda de Agricultura"},"content":{"rendered":"\n<p><strong>El Gobierno ech\u00f3 a Fernando Vilella. La cartera volver\u00e1 a llamarse Agricultura, Ganader\u00eda y Pesca; y ser\u00e1 conducida por Sergio Iraeta, quien era hasta hoy el subsecretario de Producci\u00f3n Agropecuaria y Forestal.<\/strong><\/p>\n\n\n\n<p>El presidente Javier Milei desafect\u00f3 al exsecretario de Bioeconom\u00eda, Fernando Vilella, ser\u00e1 reemplazado por el hasta entonces subsecretario de Producci\u00f3n Agropecuaria y Forestal, Sergio Iraeta. El \u00e1rea tambi\u00e9n cambi\u00f3 la denominaci\u00f3n y volver\u00e1 a llamarse de Agricultura, Ganader\u00eda y Pesca.<\/p>\n\n\n\n<p>As\u00ed lo notific\u00f3 el \u00e1rea por medio de un comunicado en el que detallan la dimisi\u00f3n, sin embargo aclara que el exfuncionario present\u00f3 la renuncia.<\/p>\n\n\n\n<p>Iraeta es abogado y productor agropecuario, y seg\u00fan precisan \u201cseguir\u00e1 trabajando en l\u00ednea con los objetivos del presidente Javier Milei de reducir la estructura burocr\u00e1tica del Estado, potenciar las capacidades de los productores agropecuarios, generar las condiciones para aumentar la competitividad y de seguir abriendo nuevos mercados para la heterog\u00e9nea producci\u00f3n agropecuaria nacional\u201d.<\/p>\n\n\n\n<p>\u201cA su vez, el ingeniero Manuel Chiappe -quien hasta hoy se desempe\u00f1aba como jefe de asesores de la Secretar\u00eda- ser\u00e1 el nuevo subsecretario de Producci\u00f3n Agropecuaria y Forestal\u201d, informaron.<\/p>\n\n\n\n<p>Cabe recordar que Vilella estaba al frente de la secretar\u00eda de Bioeconom\u00eda -dependiente del Ministerio de Econom\u00eda- desde el pasado 5 de abril. Su designaci\u00f3n fue oficializada 11 d\u00edas despu\u00e9s en el Bolet\u00edn Oficial en un decreto que llev\u00f3 las firmas de Javier Milei y Luis Caputo.<\/p>\n\n\n\n<p>Fue decano de la Facultad de Agronom\u00eda de la Universidad de Buenos Aires (FAUBA) y profesor titular de la c\u00e1tedra de Agronegocios de esa instituci\u00f3n durante 48 a\u00f1os, y fue quien elabor\u00f3 el plan para el desarrollo del sector bioagroindustrial.<\/p>\n","protected":false},"excerpt":{"rendered":"<p>El Gobierno ech&oacute; a Fernando Vilella. La cartera volver&aacute; a llamarse Agricultura, Ganader&iacute;a y Pesca; y ser&aacute; conducida por Sergio Iraeta, quien era hasta hoy el subsecretario de Producci&oacute;n Agropecuaria y Forestal. El presidente Javier Milei desafect&oacute; al exsecretario de Bioeconom&iacute;a, Fernando Vilella, ser&aacute; reemplazado por el hasta entonces subsecretario de Producci&oacute;n Agropecuaria y Forestal, [&hellip;]<\/p>\n","protected":false},"author":2,"featured_media":4302,"comment_status":"open","ping_status":"open","sticky":false,"template":"","format":"standard","meta":{"footnotes":""},"categories":[5,176],"tags":[1650,1652,232,1651,1653],"class_list":["post-4301","post","type-post","status-publish","format-standard","has-post-thumbnail","hentry","category-nacionales","category-politica","tag-echo","tag-fernando-vilella","tag-javier-milei","tag-secretaria-de-agricultura","tag-sergio-iraeta"],"_links":{"self":[{"href":"https:\/\/partediario.com.ar\/index.php?rest_route=\/wp\/v2\/posts\/4301","targetHints":{"allow":["GET"]}}],"collection":[{"href":"https:\/\/partediario.com.ar\/index.php?rest_route=\/wp\/v2\/posts"}],"about":[{"href":"https:\/\/partediario.com.ar\/index.php?rest_route=\/wp\/v2\/types\/post"}],"author":[{"embeddable":true,"href":"https:\/\/partediario.com.ar\/index.php?rest_route=\/wp\/v2\/users\/2"}],"replies":[{"embeddable":true,"href":"https:\/\/partediario.com.ar\/index.php?rest_route=%2Fwp%2Fv2%2Fcomments&post=4301"}],"version-history":[{"count":1,"href":"https:\/\/partediario.com.ar\/index.php?rest_route=\/wp\/v2\/posts\/4301\/revisions"}],"predecessor-version":[{"id":4303,"href":"https:\/\/partediario.com.ar\/index.php?rest_route=\/wp\/v2\/posts\/4301\/revisions\/4303"}],"wp:featuredmedia":[{"embeddable":true,"href":"https:\/\/partediario.com.ar\/index.php?rest_route=\/wp\/v2\/media\/4302"}],"wp:attachment":[{"href":"https:\/\/partediario.com.ar\/index.php?rest_route=%2Fwp%2Fv2%2Fmedia&parent=4301"}],"wp:term":[{"taxonomy":"category","embeddable":true,"href":"https:\/\/partediario.com.ar\/index.php?rest_route=%2Fwp%2Fv2%2Fcategories&post=4301"},{"taxonomy":"post_tag","embeddable":true,"href":"https:\/\/partediario.com.ar\/index.php?rest_route=%2Fwp%2Fv2%2Ftags&post=4301"}],"curies":[{"name":"wp","href":"https:\/\/api.w.org\/{rel}","templated":true}]}}