{"id":4343,"date":"2024-07-11T09:21:15","date_gmt":"2024-07-11T12:21:15","guid":{"rendered":"https:\/\/partediario.com.ar\/?p=4343"},"modified":"2024-07-11T09:21:16","modified_gmt":"2024-07-11T12:21:16","slug":"clima-en-entre-rios-el-frio-extremo-no-cesa-en-la-provincia","status":"publish","type":"post","link":"https:\/\/partediario.com.ar\/?p=4343","title":{"rendered":"Clima en Entre R\u00edos: el fr\u00edo extremo no cesa en la provincia"},"content":{"rendered":"\n<p><strong>El pron\u00f3stico del tiempo se\u00f1ala un jueves con temperaturas muy bajas en Entre R\u00edos y regi\u00f3n.<\/strong><\/p>\n\n\n\n<p>El Servicio Meteorol\u00f3gico Nacional (SMN) pronostica un jueves nuevamente muy fr\u00edo en Entre R\u00edos. Las bajas temperaturas no cesan y se espera que las m\u00ednimas lleguen a los -2 grados en algunas localidades entrerrianas.<\/p>\n\n\n\n<p><strong>As\u00ed estar\u00e1 el tiempo en Entre R\u00edos este jueves 11 de julio<\/strong><\/p>\n\n\n\n<p>En Paran\u00e1, La Paz, Villaguay, Diamante y Nogoy\u00e1 la m\u00ednima ser\u00e1 de -1 grados y la m\u00e1xima alcanzar\u00e1 los 12 grados. En Paran\u00e1 y zona de cercan\u00eda se espera una jornada parcialmente nublada.<\/p>\n\n\n\n<p>Mientras que en Concordia, Federal, Feliciano, Federaci\u00f3n y San Salvador, en tanto, se pronostica una m\u00ednima de 0 grados y una m\u00e1xima de 12 grados. All\u00ed tambi\u00e9n se prev\u00e9 una jornada parcialmente nublada.<\/p>\n\n\n\n<p>En Gualeguaych\u00fa, Col\u00f3n, Uruguay, Tala e Islas, por \u00faltimo, se aguarda una m\u00ednima de -3 grados y una m\u00e1xima de 12 grados. Al igual que en las localidades mencionadas anteriormente se espera un d\u00eda con poco sol y muy fr\u00edo.<\/p>\n\n\n\n<p><\/p>\n\n\n\n<figure class=\"wp-block-image size-full\"><img loading=\"lazy\" decoding=\"async\" width=\"680\" height=\"562\" src=\"https:\/\/partediario.com.ar\/wp-content\/uploads\/scrnli_11_7_2024_9-19-41.png\" alt=\"\" class=\"wp-image-4344\" srcset=\"https:\/\/partediario.com.ar\/wp-content\/uploads\/scrnli_11_7_2024_9-19-41.png 680w, https:\/\/partediario.com.ar\/wp-content\/uploads\/scrnli_11_7_2024_9-19-41-300x248.png 300w\" sizes=\"auto, (max-width: 680px) 100vw, 680px\" \/><\/figure>\n","protected":false},"excerpt":{"rendered":"<p>El pron&oacute;stico del tiempo se&ntilde;ala un jueves con temperaturas muy bajas en Entre R&iacute;os y regi&oacute;n. El Servicio Meteorol&oacute;gico Nacional (SMN) pronostica un jueves nuevamente muy fr&iacute;o en Entre R&iacute;os. Las bajas temperaturas no cesan y se espera que las m&iacute;nimas lleguen a los -2 grados en algunas localidades entrerrianas. As&iacute; estar&aacute; el tiempo en [&hellip;]<\/p>\n","protected":false},"author":2,"featured_media":4345,"comment_status":"open","ping_status":"open","sticky":false,"template":"","format":"standard","meta":{"footnotes":""},"categories":[8,726],"tags":[267,257],"class_list":["post-4343","post","type-post","status-publish","format-standard","has-post-thumbnail","hentry","category-provinciales","category-sociedad","tag-clima","tag-entre-rios"],"_links":{"self":[{"href":"https:\/\/partediario.com.ar\/index.php?rest_route=\/wp\/v2\/posts\/4343","targetHints":{"allow":["GET"]}}],"collection":[{"href":"https:\/\/partediario.com.ar\/index.php?rest_route=\/wp\/v2\/posts"}],"about":[{"href":"https:\/\/partediario.com.ar\/index.php?rest_route=\/wp\/v2\/types\/post"}],"author":[{"embeddable":true,"href":"https:\/\/partediario.com.ar\/index.php?rest_route=\/wp\/v2\/users\/2"}],"replies":[{"embeddable":true,"href":"https:\/\/partediario.com.ar\/index.php?rest_route=%2Fwp%2Fv2%2Fcomments&post=4343"}],"version-history":[{"count":1,"href":"https:\/\/partediario.com.ar\/index.php?rest_route=\/wp\/v2\/posts\/4343\/revisions"}],"predecessor-version":[{"id":4346,"href":"https:\/\/partediario.com.ar\/index.php?rest_route=\/wp\/v2\/posts\/4343\/revisions\/4346"}],"wp:featuredmedia":[{"embeddable":true,"href":"https:\/\/partediario.com.ar\/index.php?rest_route=\/wp\/v2\/media\/4345"}],"wp:attachment":[{"href":"https:\/\/partediario.com.ar\/index.php?rest_route=%2Fwp%2Fv2%2Fmedia&parent=4343"}],"wp:term":[{"taxonomy":"category","embeddable":true,"href":"https:\/\/partediario.com.ar\/index.php?rest_route=%2Fwp%2Fv2%2Fcategories&post=4343"},{"taxonomy":"post_tag","embeddable":true,"href":"https:\/\/partediario.com.ar\/index.php?rest_route=%2Fwp%2Fv2%2Ftags&post=4343"}],"curies":[{"name":"wp","href":"https:\/\/api.w.org\/{rel}","templated":true}]}}