{"id":4360,"date":"2024-07-11T17:34:35","date_gmt":"2024-07-11T20:34:35","guid":{"rendered":"https:\/\/partediario.com.ar\/?p=4360"},"modified":"2024-07-11T17:34:41","modified_gmt":"2024-07-11T20:34:41","slug":"caso-loan-detectaron-material-de-explotacion-infantil-en-el-celular-de-uno-de-los-detenidos-por-la-desaparicion-del-nino-correntino","status":"publish","type":"post","link":"https:\/\/partediario.com.ar\/?p=4360","title":{"rendered":"Caso Loan: detectaron material de explotaci\u00f3n infantil en el celular de uno de los detenidos por la desaparici\u00f3n del ni\u00f1o correntino"},"content":{"rendered":"\n<p><strong>Revelaron que en el celular de uno de los detenidos por el caso Loan hallaron material de explotaci\u00f3n infantil, adem\u00e1s de im\u00e1genes de mujeres asesinadas.<\/strong><\/p>\n\n\n\n<p>Los peritajes en los celulares de los detenidos por la desaparici\u00f3n de Loan Pe\u00f1a en Corrientes, ha aportado un dato que podr\u00eda ser de gran relevancia. Seg\u00fan informaron, en uno de los tel\u00e9fonos encontraron material de explotaci\u00f3n sexual infantil.<\/p>\n\n\n\n<p>Esto har\u00eda m\u00e1s fuerte la hip\u00f3tesis de que se trat\u00f3 de un caso de trata de personas. Actualmente, los detenidos por la desaparici\u00f3n del menor de 5 a\u00f1os son Carlos P\u00e9rez, Victoria Caillava, M\u00f3nica Millapi, Daniel Ram\u00edrez, Antonio Ben\u00edtez, Walter Maciel y Laudelina Pe\u00f1a.<\/p>\n\n\n\n<p><strong>El material que se encontr\u00f3 en el celular<\/strong><\/p>\n\n\n\n<p>Revelaron que en el celular de uno de los detenidos por el caso Loan hallaron material de explotaci\u00f3n infantil e im\u00e1genes de mujeres asesinadas. Sobre la persona a quien pertenece el tel\u00e9fono no dieron informaci\u00f3n, ya que a\u00fan no se sabe el nombre.<\/p>\n\n\n\n<p>\u201cSon im\u00e1genes de abuso sexual infantil, fueron encontradas en uno de los celulares que se peritaron en los \u00faltimos d\u00edas\u201d, se\u00f1alaron. Y a\u00f1adieron que \u201cen este celular aparecen cuestiones de pornograf\u00eda. Como hab\u00eda dicho la ministra (Patricia Bullrich), cosas que intentaron borrar pero que igualmente van a tratar los peritos de descubrir\u201d.<\/p>\n\n\n\n<p>Se detall\u00f3 que parte de lo que se elimin\u00f3 en el celular son \u201clos historiales de internet\u201d que luego pudieron recuperar y que \u201clleva a sitios de pornograf\u00eda\u201d.<\/p>\n\n\n\n<p>En relaci\u00f3n con el tel\u00e9fono de Laudelina, la t\u00eda de Loan, informaron que la mujer hizo \u201c19 llamados salientes desde la desaparici\u00f3n de Loan hasta la medianoche. Van a buscar a qui\u00e9n llam\u00f3 y por qu\u00e9\u201d.<\/p>\n\n\n\n<p>La Justicia denunci\u00f3 la falta de una prueba en la investigaci\u00f3n por la desaparici\u00f3n de Loan<\/p>\n\n\n\n<p>En el marco de la investigaci\u00f3n por la desaparici\u00f3n del ni\u00f1o, se realizaron nuevos allanamientos en la comisar\u00eda 9 de Julio. Durante el operativo, la Polic\u00eda Federal no encontr\u00f3 un cepillo de dientes que hab\u00eda sido incautado por efectivos provinciales.<\/p>\n\n\n\n<p>Debido a esto, la Justicia denunci\u00f3 la p\u00e9rdida de una pieza clave en la causa. El cepillo de dientes hab\u00eda sido confiscado por el excomisario Walter Maciel sin una orden judicial.<\/p>\n\n\n\n<p>Durante el allanamiento, la Polic\u00eda Federal denunci\u00f3 la falta del elemento que pertenec\u00eda al menor y que se encontraba all\u00ed. Informaron que la incautaci\u00f3n por parte de Maciel no hab\u00eda sido asentada en el expediente.<\/p>\n\n\n\n<p>Tambi\u00e9n recalcaron la importancia de esta pieza clave para poder cotejarla con las pruebas que se han recolectado hasta el momento. Seg\u00fan se inform\u00f3, desde la comisar\u00eda se\u00f1alaron que el cepillo de dientes \u201cse lo hab\u00eda llevado Maciel\u201d en la primeras horas de la desaparici\u00f3n. \u201cNunca lo inventari\u00f3, se lo rob\u00f3\u201d, aseguraron en la sede policial de 9 de Julio.<\/p>\n","protected":false},"excerpt":{"rendered":"<p>Revelaron que en el celular de uno de los detenidos por el caso Loan hallaron material de explotaci&oacute;n infantil, adem&aacute;s de im&aacute;genes de mujeres asesinadas. Los peritajes en los celulares de los detenidos por la desaparici&oacute;n de Loan Pe&ntilde;a en Corrientes, ha aportado un dato que podr&iacute;a ser de gran relevancia. Seg&uacute;n informaron, en uno [&hellip;]<\/p>\n","protected":false},"author":2,"featured_media":4361,"comment_status":"open","ping_status":"open","sticky":false,"template":"","format":"standard","meta":{"footnotes":""},"categories":[979,5,7],"tags":[1669,448,1670,1671,489],"class_list":["post-4360","post","type-post","status-publish","format-standard","has-post-thumbnail","hentry","category-judiciales","category-nacionales","category-policiales","tag-celular","tag-corrientes","tag-explotacion","tag-infantil","tag-loan-danilo-pena"],"_links":{"self":[{"href":"https:\/\/partediario.com.ar\/index.php?rest_route=\/wp\/v2\/posts\/4360","targetHints":{"allow":["GET"]}}],"collection":[{"href":"https:\/\/partediario.com.ar\/index.php?rest_route=\/wp\/v2\/posts"}],"about":[{"href":"https:\/\/partediario.com.ar\/index.php?rest_route=\/wp\/v2\/types\/post"}],"author":[{"embeddable":true,"href":"https:\/\/partediario.com.ar\/index.php?rest_route=\/wp\/v2\/users\/2"}],"replies":[{"embeddable":true,"href":"https:\/\/partediario.com.ar\/index.php?rest_route=%2Fwp%2Fv2%2Fcomments&post=4360"}],"version-history":[{"count":1,"href":"https:\/\/partediario.com.ar\/index.php?rest_route=\/wp\/v2\/posts\/4360\/revisions"}],"predecessor-version":[{"id":4362,"href":"https:\/\/partediario.com.ar\/index.php?rest_route=\/wp\/v2\/posts\/4360\/revisions\/4362"}],"wp:featuredmedia":[{"embeddable":true,"href":"https:\/\/partediario.com.ar\/index.php?rest_route=\/wp\/v2\/media\/4361"}],"wp:attachment":[{"href":"https:\/\/partediario.com.ar\/index.php?rest_route=%2Fwp%2Fv2%2Fmedia&parent=4360"}],"wp:term":[{"taxonomy":"category","embeddable":true,"href":"https:\/\/partediario.com.ar\/index.php?rest_route=%2Fwp%2Fv2%2Fcategories&post=4360"},{"taxonomy":"post_tag","embeddable":true,"href":"https:\/\/partediario.com.ar\/index.php?rest_route=%2Fwp%2Fv2%2Ftags&post=4360"}],"curies":[{"name":"wp","href":"https:\/\/api.w.org\/{rel}","templated":true}]}}