{"id":4363,"date":"2024-07-11T18:09:06","date_gmt":"2024-07-11T21:09:06","guid":{"rendered":"https:\/\/partediario.com.ar\/?p=4363"},"modified":"2024-07-11T18:09:07","modified_gmt":"2024-07-11T21:09:07","slug":"frigerio-presento-entre-rios-conectada-en-diamante","status":"publish","type":"post","link":"https:\/\/partediario.com.ar\/?p=4363","title":{"rendered":"Frigerio present\u00f3 Entre R\u00edos Conectada en Diamante"},"content":{"rendered":"\n<p><strong>El gobernador Rogelio Frigerio lanz\u00f3 este jueves el programa Entre R\u00edos Conectada, una herramienta que busca incrementar la infraestructura de conectividad en la provincia. Lo hizo mediante una comunicaci\u00f3n virtual, con la escuela N\u00b0 2 Manuel Alberti, de Diamante.<\/strong><\/p>\n\n\n\n<p>En la oportunidad, aprovechando los beneficios de la conectividad, el mandatario se comunic\u00f3 con la comunidad educativa de la escuela primaria, a la que asisten 500 estudiantes, encabezados por el intendente de Diamante, Ezio Gieco; el secretario general de la Gobernaci\u00f3n, Mauricio Colello; el secretario de Modernizaci\u00f3n, Emanuel Gainza; y el presidente de Enersa, Ignacio Bergallo.<\/p>\n\n\n\n<p>De esa forma, present\u00f3 el programa Entre R\u00edos Conectada, que prev\u00e9 ampliar la infraestructura de conectividad en el territorio provincial para que organismos p\u00fablicos y lugares vinculados a la producci\u00f3n accedan al servicio de internet mediante fibra \u00f3ptica.<\/p>\n\n\n\n<p><\/p>\n\n\n\n<figure class=\"wp-block-image size-large\"><img loading=\"lazy\" decoding=\"async\" width=\"1024\" height=\"683\" src=\"https:\/\/partediario.com.ar\/wp-content\/uploads\/facdfd35-8fd3-4745-a1c4-ba22c3045766-1024x683.jpg\" alt=\"\" class=\"wp-image-4364\" srcset=\"https:\/\/partediario.com.ar\/wp-content\/uploads\/facdfd35-8fd3-4745-a1c4-ba22c3045766-1024x683.jpg 1024w, https:\/\/partediario.com.ar\/wp-content\/uploads\/facdfd35-8fd3-4745-a1c4-ba22c3045766-300x200.jpg 300w, https:\/\/partediario.com.ar\/wp-content\/uploads\/facdfd35-8fd3-4745-a1c4-ba22c3045766-768x512.jpg 768w, https:\/\/partediario.com.ar\/wp-content\/uploads\/facdfd35-8fd3-4745-a1c4-ba22c3045766.jpg 1440w\" sizes=\"auto, (max-width: 1024px) 100vw, 1024px\" \/><\/figure>\n\n\n\n<p><\/p>\n\n\n\n<p>All\u00ed, el mandatario se\u00f1al\u00f3 que \u00abla escuela es el instrumento que permite igualar oportunidades, pero hoy, en el siglo XXI, sin conectividad esa herramienta no alcanza. Necesita de la conectividad, del acceso a la tecnolog\u00eda; y por eso hicimos este esfuerzo para conectar todas las escuelas de la provincia.<\/p>\n\n\n\n<p>Hizo notar que hasta ahora s\u00f3lo el 50 por ciento de las escuelas estaban conectadas y que la idea es llegar con la tecnolog\u00eda tambi\u00e9n a los hospitales, a todas las dependencias p\u00fablicas y a los parques industriales, de los cuales \u00abmenos del 10 por ciento estaban hasta hoy conectados\u00bb.<\/p>\n\n\n\n<p>Precis\u00f3 que se trata de \u00abuna inversi\u00f3n importante que arranca con unos 3.000 millones de pesos, pero tiene el objetivo fundamental de integrarlos al siglo XXI, de integrarlos a la modernidad y de permitir igualar oportunidades en todo el territorio de nuestra provincia\u00bb.<\/p>\n\n\n\n<p>\u00abNecesitamos volver a poner a Entre R\u00edos en el lugar que alguna vez ocup\u00f3 en el mapa de la educaci\u00f3n de nuestro pa\u00eds, y lo vamos a hacer\u00bb, dijo finalmente.<\/p>\n\n\n\n<p>Por su parte, el secretario general de la Gobernaci\u00f3n, Mauricio Colello, destac\u00f3 la posibilidad de que la escuela pueda contar con ese servicio, que les brindar\u00e1 a los estudiantes \u00abmayores herramientas para afrontar los desaf\u00edos laborales del mundo que viene, o que ya est\u00e1. La industria del conocimiento, la inteligencia artificial, son parte de la agenda de desarrollo que se viene. La escuela es la herramienta m\u00e1s importante que tiene un gobierno para igualar oportunidades. Sin educaci\u00f3n, sin conectividad, no hay oportunidades y sin oportunidades no hay trabajo\u00bb, subray\u00f3 Collelo.<\/p>\n\n\n\n<p>A su momento, el secretario de Modernizaci\u00f3n, Emanuel Gainza, indic\u00f3 que la red de fibra \u00f3ptica es \u00ablo que en el pasado pod\u00eda llegar a representar un puente o una ruta. Es lo que marca c\u00f3mo nos conectamos, c\u00f3mo desarrollamos nuestra capacidad productiva, c\u00f3mo generamos oportunidades; y sobre todo, c\u00f3mo nuestros chicos aprenden. Lo que queremos es llevar a Entre R\u00edos al siglo XXI, que la era digital no nos quede tan lejos y nos de igualdad de oportunidades para todas y todos los entrerrianos\u00bb.<\/p>\n\n\n\n<p>El presidente de Enersa, Ignacio Bergallo, destac\u00f3 que \u00abEntre R\u00edos Conectada es un ejemplo claro del compromiso del gobierno de Entre R\u00edos con la comunidad, de la necesidad imperiosa de unirnos desde cada rinc\u00f3n de nuestra provincia a trav\u00e9s de los beneficios que nos brinda la tecnolog\u00eda. Dise\u00f1amos pol\u00edticas p\u00fablicas de conectividad y acceso a internet para facilitar y modernizar la comunicaci\u00f3n en sectores claves, como los de seguridad, salud, educaci\u00f3n, producci\u00f3n y gesti\u00f3n p\u00fablica. Diamante es un claro ejemplo que resume este desaf\u00edo\u00bb.<\/p>\n\n\n\n<p>Finalmente, el intendente Gieco manifest\u00f3 su orgullo de que se eligiera a su ciudad para el lanzamiento del programa. \u00abEs un servicio esencial para el desarrollo, una herramienta para nuestra ciudad y nuestra provincia. Nosotros ya estamos contando con los beneficios que nos da la conectividad\u00bb, remarc\u00f3 y coment\u00f3 que en su localidad ya est\u00e1n conectadas oficinas del ente portuario, el municipio, la plaza principal y otras instituciones.<\/p>\n\n\n\n<p><strong>El programa<\/strong><\/p>\n\n\n\n<p>Entre R\u00edos Conectada prev\u00e9 ampliar la infraestructura de conectividad en el territorio provincial para que organismos p\u00fablicos y lugares vinculados a la producci\u00f3n accedan al servicio de internet mediante fibra \u00f3ptica. Para lograr este objetivo se contempla una inversi\u00f3n de 3.000 millones de pesos, con lo cual se podr\u00e1 conectar a la red a 176 escuelas, 48 establecimientos de seguridad, 12 vinculados a salud y cuatro parques industriales en 180 d\u00edas.<\/p>\n\n\n\n<p>La provincia ya cuenta con 3.600 kil\u00f3metros de fibra \u00f3ptica. La Red Federal de Fibra \u00d3ptica (Refefo) ilumin\u00f3, es decir puso en funcionamiento, 2.369 kil\u00f3metros, y Enersa el resto.<\/p>\n\n\n\n<p><\/p>\n\n\n\n<figure class=\"wp-block-embed is-type-video is-provider-youtube wp-block-embed-youtube wp-embed-aspect-16-9 wp-has-aspect-ratio\"><div class=\"wp-block-embed__wrapper\">\n<iframe loading=\"lazy\" title=\"Frigerio present\u00f3 Entre R\u00edos Conectada en Diamante\" width=\"640\" height=\"360\" src=\"https:\/\/www.youtube.com\/embed\/YLtxGPuA8GM?feature=oembed\" frameborder=\"0\" allow=\"accelerometer; autoplay; clipboard-write; encrypted-media; gyroscope; picture-in-picture; web-share\" referrerpolicy=\"strict-origin-when-cross-origin\" allowfullscreen><\/iframe>\n<\/div><\/figure>\n","protected":false},"excerpt":{"rendered":"<p>El gobernador Rogelio Frigerio lanz&oacute; este jueves el programa Entre R&iacute;os Conectada, una herramienta que busca incrementar la infraestructura de conectividad en la provincia. Lo hizo mediante una comunicaci&oacute;n virtual, con la escuela N&deg; 2 Manuel Alberti, de Diamante. En la oportunidad, aprovechando los beneficios de la conectividad, el mandatario se comunic&oacute; con la comunidad [&hellip;]<\/p>\n","protected":false},"author":2,"featured_media":4365,"comment_status":"open","ping_status":"open","sticky":false,"template":"","format":"standard","meta":{"footnotes":""},"categories":[8,726],"tags":[1672,327,602,257,318,1673,245],"class_list":["post-4363","post","type-post","status-publish","format-standard","has-post-thumbnail","hentry","category-provinciales","category-sociedad","tag-conectada","tag-diamante","tag-emanuel-gainza","tag-entre-rios","tag-ignacio-bergallo","tag-ignacxio-bergallo","tag-rogelio-frigerio"],"_links":{"self":[{"href":"https:\/\/partediario.com.ar\/index.php?rest_route=\/wp\/v2\/posts\/4363","targetHints":{"allow":["GET"]}}],"collection":[{"href":"https:\/\/partediario.com.ar\/index.php?rest_route=\/wp\/v2\/posts"}],"about":[{"href":"https:\/\/partediario.com.ar\/index.php?rest_route=\/wp\/v2\/types\/post"}],"author":[{"embeddable":true,"href":"https:\/\/partediario.com.ar\/index.php?rest_route=\/wp\/v2\/users\/2"}],"replies":[{"embeddable":true,"href":"https:\/\/partediario.com.ar\/index.php?rest_route=%2Fwp%2Fv2%2Fcomments&post=4363"}],"version-history":[{"count":1,"href":"https:\/\/partediario.com.ar\/index.php?rest_route=\/wp\/v2\/posts\/4363\/revisions"}],"predecessor-version":[{"id":4366,"href":"https:\/\/partediario.com.ar\/index.php?rest_route=\/wp\/v2\/posts\/4363\/revisions\/4366"}],"wp:featuredmedia":[{"embeddable":true,"href":"https:\/\/partediario.com.ar\/index.php?rest_route=\/wp\/v2\/media\/4365"}],"wp:attachment":[{"href":"https:\/\/partediario.com.ar\/index.php?rest_route=%2Fwp%2Fv2%2Fmedia&parent=4363"}],"wp:term":[{"taxonomy":"category","embeddable":true,"href":"https:\/\/partediario.com.ar\/index.php?rest_route=%2Fwp%2Fv2%2Fcategories&post=4363"},{"taxonomy":"post_tag","embeddable":true,"href":"https:\/\/partediario.com.ar\/index.php?rest_route=%2Fwp%2Fv2%2Ftags&post=4363"}],"curies":[{"name":"wp","href":"https:\/\/api.w.org\/{rel}","templated":true}]}}