{"id":437,"date":"2024-06-06T02:59:21","date_gmt":"2024-06-06T02:59:21","guid":{"rendered":"https:\/\/partediario.com.ar\/?p=437"},"modified":"2024-06-06T02:59:23","modified_gmt":"2024-06-06T02:59:23","slug":"se-incendio-una-cosechadora-dentro-de-un-galpon-agricola","status":"publish","type":"post","link":"https:\/\/partediario.com.ar\/?p=437","title":{"rendered":"Se incendi\u00f3 una cosechadora dentro de un galp\u00f3n agr\u00edcola."},"content":{"rendered":"\n<p><br>El hecho ocurri\u00f3 en un galp\u00f3n en una propiedad ubicada en la Ruta 18 a la altura del kil\u00f3metro 15 \u00bd; en una finca que se dedica a tareas agr\u00edcolas y venta de huevos por mayo;  La polic\u00eda realizar\u00e1 las pericias para establecer las causas del incendio. <br><br>Bomberos Zapadores de Paran\u00e1 acudieron al llamado que alertaba de un incendio dentro de un galp\u00f3n donde guardaban herramientas y maquinarias; Luego de sofocar el incendio, comenzar\u00e1n con las pericias para descartar toda hip\u00f3tesis sobre el origen del foco \u00edgneo . <br><\/p>\n\n\n","protected":false},"excerpt":{"rendered":"<p>El hecho ocurri&oacute; en un galp&oacute;n en una propiedad ubicada en la Ruta 18 a la altura del kil&oacute;metro 15 &frac12;; en una finca que se dedica a tareas agr&iacute;colas y venta de huevos por mayo; La polic&iacute;a realizar&aacute; las pericias para establecer las causas del incendio. Bomberos Zapadores de Paran&aacute; acudieron al llamado que [&hellip;]<\/p>\n","protected":false},"author":2,"featured_media":444,"comment_status":"open","ping_status":"open","sticky":false,"template":"","format":"standard","meta":{"footnotes":""},"categories":[7],"tags":[],"class_list":["post-437","post","type-post","status-publish","format-standard","has-post-thumbnail","hentry","category-policiales"],"_links":{"self":[{"href":"https:\/\/partediario.com.ar\/index.php?rest_route=\/wp\/v2\/posts\/437","targetHints":{"allow":["GET"]}}],"collection":[{"href":"https:\/\/partediario.com.ar\/index.php?rest_route=\/wp\/v2\/posts"}],"about":[{"href":"https:\/\/partediario.com.ar\/index.php?rest_route=\/wp\/v2\/types\/post"}],"author":[{"embeddable":true,"href":"https:\/\/partediario.com.ar\/index.php?rest_route=\/wp\/v2\/users\/2"}],"replies":[{"embeddable":true,"href":"https:\/\/partediario.com.ar\/index.php?rest_route=%2Fwp%2Fv2%2Fcomments&post=437"}],"version-history":[{"count":2,"href":"https:\/\/partediario.com.ar\/index.php?rest_route=\/wp\/v2\/posts\/437\/revisions"}],"predecessor-version":[{"id":445,"href":"https:\/\/partediario.com.ar\/index.php?rest_route=\/wp\/v2\/posts\/437\/revisions\/445"}],"wp:featuredmedia":[{"embeddable":true,"href":"https:\/\/partediario.com.ar\/index.php?rest_route=\/wp\/v2\/media\/444"}],"wp:attachment":[{"href":"https:\/\/partediario.com.ar\/index.php?rest_route=%2Fwp%2Fv2%2Fmedia&parent=437"}],"wp:term":[{"taxonomy":"category","embeddable":true,"href":"https:\/\/partediario.com.ar\/index.php?rest_route=%2Fwp%2Fv2%2Fcategories&post=437"},{"taxonomy":"post_tag","embeddable":true,"href":"https:\/\/partediario.com.ar\/index.php?rest_route=%2Fwp%2Fv2%2Ftags&post=437"}],"curies":[{"name":"wp","href":"https:\/\/api.w.org\/{rel}","templated":true}]}}