{"id":4397,"date":"2024-07-12T14:23:45","date_gmt":"2024-07-12T17:23:45","guid":{"rendered":"https:\/\/partediario.com.ar\/?p=4397"},"modified":"2024-07-12T14:23:47","modified_gmt":"2024-07-12T17:23:47","slug":"la-ola-polar-se-cobro-una-nueva-victima-fatal-en-santa-cruz","status":"publish","type":"post","link":"https:\/\/partediario.com.ar\/?p=4397","title":{"rendered":"La ola polar se cobr\u00f3 una nueva v\u00edctima fatal en Santa Cruz"},"content":{"rendered":"\n<p><strong>Se trata de un joven de 26 a\u00f1os que se encontraba desaparecido desde el pasado 6 de julio. Falleci\u00f3 por \u00abfr\u00edo extremo\u00bb en una vivienda en construcci\u00f3n ubicada en la ciudad de R\u00edo Gallegos.<\/strong><\/p>\n\n\n\n<p>Un joven de 26 a\u00f1os es la segunda v\u00edctima fatal causada por el fr\u00edo extremo producto de la ola polar que afecta especialmente a la provincia de Santa Cruz.<\/p>\n\n\n\n<p>Su cuerpo fue ubicado por su padre en una vivienda en construcci\u00f3n del barrio San Benito de R\u00edo Gallegos, tras estar desaparecido desde el 6 de julio.<\/p>\n\n\n\n<p>Seg\u00fan se inform\u00f3, el joven fue identificado como Lucas C\u00e1rdenas y el hallazgo del cad\u00e1ver ocurri\u00f3 el mi\u00e9rcoles por la tarde, cuando su padre dio aviso a las autoridades policiales.<\/p>\n\n\n\n<p>Vale recordar que el martes pasado se dio a conocer el hallazgo de un hombre que falleci\u00f3 congelado en la provincia de Santa Cruz, en cercan\u00edas a El Calafate, luego de que la camioneta en la que se trasladaba sufriera un desperfecto en plena ola polar.<\/p>\n\n\n\n<p><\/p>\n\n\n\n<figure class=\"wp-block-image size-full\"><img loading=\"lazy\" decoding=\"async\" width=\"748\" height=\"420\" src=\"https:\/\/partediario.com.ar\/wp-content\/uploads\/1720378428083.webp\" alt=\"\" class=\"wp-image-4398\" srcset=\"https:\/\/partediario.com.ar\/wp-content\/uploads\/1720378428083.webp 748w, https:\/\/partediario.com.ar\/wp-content\/uploads\/1720378428083-300x168.webp 300w\" sizes=\"auto, (max-width: 748px) 100vw, 748px\" \/><\/figure>\n\n\n\n<p><\/p>\n\n\n\n<p>El hallazgo ocurri\u00f3 en la Ruta Provincial N\u00b09, donde se encontr\u00f3 la camioneta en la cual se trasladaba un hombre de 80 a\u00f1os, identificado como Franulic Cepernic, que hab\u00eda sido reportado como desaparecido el 3 de julio.<\/p>\n\n\n\n<p>El pasado mi\u00e9rcoles, el hombre hab\u00eda partido hacia la estancia La Rosita, la cual administraba, pero nunca lleg\u00f3 a destino. Reci\u00e9n en la ma\u00f1ana del lunes se encontr\u00f3 el cuerpo a pocos kil\u00f3metros de donde hab\u00eda dejado la camioneta.<\/p>\n\n\n\n<p>En el caso de C\u00e1rdenas, su cuerpo fue hallado en una precaria vivienda en la esquina de las calles 3 y 4 del Barrio San Benito, os seg\u00fan explicaron efectivos de la Comisar\u00eda Segunda y la Divisi\u00f3n Gabinete Criminal\u00edstico.<\/p>\n\n\n\n<p><\/p>\n\n\n\n<figure class=\"wp-block-image size-full\"><img loading=\"lazy\" decoding=\"async\" width=\"850\" height=\"638\" src=\"https:\/\/partediario.com.ar\/wp-content\/uploads\/f850x638-319168_396657_5050.webp\" alt=\"\" class=\"wp-image-4399\" srcset=\"https:\/\/partediario.com.ar\/wp-content\/uploads\/f850x638-319168_396657_5050.webp 850w, https:\/\/partediario.com.ar\/wp-content\/uploads\/f850x638-319168_396657_5050-300x225.webp 300w, https:\/\/partediario.com.ar\/wp-content\/uploads\/f850x638-319168_396657_5050-768x576.webp 768w\" sizes=\"auto, (max-width: 850px) 100vw, 850px\" \/><\/figure>\n\n\n\n<p><\/p>\n\n\n\n<p>El joven hab\u00eda sido visto por \u00faltima vez cerca de las 15:30 del s\u00e1bado cuando sali\u00f3 de su domicilio. Sus familiares y la Polic\u00eda de la provincia de Santa Cruz hab\u00edan intensificado su b\u00fasqueda debido a que su familia hab\u00eda denunciado que no pod\u00edan contactarse con \u00e9l a trav\u00e9s de su tel\u00e9fono celular.<\/p>\n\n\n\n<p>La principal hip\u00f3tesis del fallecimiento es que el joven se habr\u00eda quedado dormido a la intemperie y que el fr\u00edo extremo caus\u00f3 su fallecimiento por hipotermia.<\/p>\n","protected":false},"excerpt":{"rendered":"<p>Se trata de un joven de 26 a&ntilde;os que se encontraba desaparecido desde el pasado 6 de julio. Falleci&oacute; por &laquo;fr&iacute;o extremo&raquo; en una vivienda en construcci&oacute;n ubicada en la ciudad de R&iacute;o Gallegos. Un joven de 26 a&ntilde;os es la segunda v&iacute;ctima fatal causada por el fr&iacute;o extremo producto de la ola polar que [&hellip;]<\/p>\n","protected":false},"author":2,"featured_media":4400,"comment_status":"open","ping_status":"open","sticky":false,"template":"","format":"standard","meta":{"footnotes":""},"categories":[5,7],"tags":[445,1697,1695,1698,1656,1696,444],"class_list":["post-4397","post","type-post","status-publish","format-standard","has-post-thumbnail","hentry","category-nacionales","category-policiales","tag-fatal","tag-lucas-cardenas","tag-nueva","tag-rio-gallegos","tag-san-benito","tag-santa-cruz","tag-victima"],"_links":{"self":[{"href":"https:\/\/partediario.com.ar\/index.php?rest_route=\/wp\/v2\/posts\/4397","targetHints":{"allow":["GET"]}}],"collection":[{"href":"https:\/\/partediario.com.ar\/index.php?rest_route=\/wp\/v2\/posts"}],"about":[{"href":"https:\/\/partediario.com.ar\/index.php?rest_route=\/wp\/v2\/types\/post"}],"author":[{"embeddable":true,"href":"https:\/\/partediario.com.ar\/index.php?rest_route=\/wp\/v2\/users\/2"}],"replies":[{"embeddable":true,"href":"https:\/\/partediario.com.ar\/index.php?rest_route=%2Fwp%2Fv2%2Fcomments&post=4397"}],"version-history":[{"count":1,"href":"https:\/\/partediario.com.ar\/index.php?rest_route=\/wp\/v2\/posts\/4397\/revisions"}],"predecessor-version":[{"id":4401,"href":"https:\/\/partediario.com.ar\/index.php?rest_route=\/wp\/v2\/posts\/4397\/revisions\/4401"}],"wp:featuredmedia":[{"embeddable":true,"href":"https:\/\/partediario.com.ar\/index.php?rest_route=\/wp\/v2\/media\/4400"}],"wp:attachment":[{"href":"https:\/\/partediario.com.ar\/index.php?rest_route=%2Fwp%2Fv2%2Fmedia&parent=4397"}],"wp:term":[{"taxonomy":"category","embeddable":true,"href":"https:\/\/partediario.com.ar\/index.php?rest_route=%2Fwp%2Fv2%2Fcategories&post=4397"},{"taxonomy":"post_tag","embeddable":true,"href":"https:\/\/partediario.com.ar\/index.php?rest_route=%2Fwp%2Fv2%2Ftags&post=4397"}],"curies":[{"name":"wp","href":"https:\/\/api.w.org\/{rel}","templated":true}]}}