{"id":4402,"date":"2024-07-12T14:32:38","date_gmt":"2024-07-12T17:32:38","guid":{"rendered":"https:\/\/partediario.com.ar\/?p=4402"},"modified":"2024-07-12T14:32:39","modified_gmt":"2024-07-12T17:32:39","slug":"alfonso-prat-gay-cruzo-duramente-a-javier-milei-por-la-denuncia-contra-un-banco","status":"publish","type":"post","link":"https:\/\/partediario.com.ar\/?p=4402","title":{"rendered":"Alfonso Prat Gay cruz\u00f3 duramente a Javier Milei por la denuncia contra un banco"},"content":{"rendered":"\n<h3 class=\"wp-block-heading\">Previamente, el presidente hab\u00eda denunciado un intento de \u00abdesestabilizar\u00bb a su Gobierno. El exministro macrista le contest\u00f3 de forma contundente.<\/h3>\n\n\n\n<p>El exministro de Econom\u00eda, Alfonso Prat Gay, critic\u00f3 la denuncia que realiz\u00f3 el presidente Javier Milei hacia movimientos financieros llevados a cabo por una entidad privada y la calific\u00f3 como una \u201cnotable p\u00e9rdida de entusiasmo en la propiedad privada\u201d.<\/p>\n\n\n\n<p>\u201cEn 2 meses pasamos de \u00abel que fuga d\u00f3lares es un h\u00e9roe porque escap\u00f3 a las garras del Estado\u00bb (Foro de Llao Llao) a \u00abes un golpista\u00bb (Bolsa de Comercio de BA) quien ejerce su derecho\u2026para escapar de las garras del Estado!\u201d, dispar\u00f3 Prat Gay en su cuenta de X.<\/p>\n\n\n\n<p>El exfuncionario de Mauricio Macri concluy\u00f3 el poste\u00f3 expresando: \u201cNotable p\u00e9rdida de entusiasmo en la propiedad privada\u201d.<\/p>\n\n\n\n<p>Milei acus\u00f3 al Banco Macro de una maniobra por la cual ejerci\u00f3 puts y luego compr\u00f3 d\u00f3lares provocando el movimiento alcista de principios de la semana pasada. Y se\u00f1al\u00f3 que \u00abjuegan\u00bb para el kirchnerismo.<\/p>\n\n\n\n<p>\u00abEsa expansi\u00f3n que nos gener\u00f3 este banco intent\u00f3 desestabilizar al Gobierno porque juega pol\u00edticamente para otro lado\u00bb, manifest\u00f3 el mandatario nacional en una entrevista a un canal de televisi\u00f3n nacional, sobre los movimientos que hubo en el marcado y que derivaron en una suba del d\u00f3lar blue y del riesgo pa\u00eds.<\/p>\n\n\n\n<p>Al respecto, Milei asegur\u00f3 que pudieron absorber esa expansi\u00f3n gracias al \u00absuper\u00e1vit fiscal\u00bb que gener\u00f3 su gesti\u00f3n y vincul\u00f3 a la entidad financiera se\u00f1alada con Sergio Massa: \u00abCreci\u00f3 con el Anses, \u00bfQui\u00e9n le daba ese negocio?\u00bb, indica\u00f3 haciendo referencia a que el l\u00edder del Frente Renovador estaba al frente de ese organismo.<\/p>\n\n\n\n<p>\u00abMacri es muy importante, le dije (en el acto por el Pacto de Mayo en Tucum\u00e1n) &#8216;muchas gracias Presi por venir&#8217;. Yo sab\u00eda que estaba en Europa y que hizo el esfuerzo de venir\u00bb, se\u00f1al\u00f3 al buscar bajar las tensiones que existen con el ex presidente.<\/p>\n\n\n\n<p>Mientras que el ministro de Econom\u00eda, Luis Caputo, en las \u00faltimas horas deslind\u00f3 responsabilidad de la instituci\u00f3n provocando una marcada diferencia con Milei.<\/p>\n","protected":false},"excerpt":{"rendered":"<p>Previamente, el presidente hab&iacute;a denunciado un intento de &laquo;desestabilizar&raquo; a su Gobierno. El exministro macrista le contest&oacute; de forma contundente. El exministro de Econom&iacute;a, Alfonso Prat Gay, critic&oacute; la denuncia que realiz&oacute; el presidente Javier Milei hacia movimientos financieros llevados a cabo por una entidad privada y la calific&oacute; como una &ldquo;notable p&eacute;rdida de entusiasmo [&hellip;]<\/p>\n","protected":false},"author":2,"featured_media":4403,"comment_status":"open","ping_status":"open","sticky":false,"template":"","format":"standard","meta":{"footnotes":""},"categories":[5,176],"tags":[1700,1701,1706,232,1702,1101,1705],"class_list":["post-4402","post","type-post","status-publish","format-standard","has-post-thumbnail","hentry","category-nacionales","category-politica","tag-alfonso-prat-gay-2","tag-banco","tag-critica-2","tag-javier-milei","tag-macro","tag-mauricio-macri","tag-sergio-massa"],"_links":{"self":[{"href":"https:\/\/partediario.com.ar\/index.php?rest_route=\/wp\/v2\/posts\/4402","targetHints":{"allow":["GET"]}}],"collection":[{"href":"https:\/\/partediario.com.ar\/index.php?rest_route=\/wp\/v2\/posts"}],"about":[{"href":"https:\/\/partediario.com.ar\/index.php?rest_route=\/wp\/v2\/types\/post"}],"author":[{"embeddable":true,"href":"https:\/\/partediario.com.ar\/index.php?rest_route=\/wp\/v2\/users\/2"}],"replies":[{"embeddable":true,"href":"https:\/\/partediario.com.ar\/index.php?rest_route=%2Fwp%2Fv2%2Fcomments&post=4402"}],"version-history":[{"count":1,"href":"https:\/\/partediario.com.ar\/index.php?rest_route=\/wp\/v2\/posts\/4402\/revisions"}],"predecessor-version":[{"id":4404,"href":"https:\/\/partediario.com.ar\/index.php?rest_route=\/wp\/v2\/posts\/4402\/revisions\/4404"}],"wp:featuredmedia":[{"embeddable":true,"href":"https:\/\/partediario.com.ar\/index.php?rest_route=\/wp\/v2\/media\/4403"}],"wp:attachment":[{"href":"https:\/\/partediario.com.ar\/index.php?rest_route=%2Fwp%2Fv2%2Fmedia&parent=4402"}],"wp:term":[{"taxonomy":"category","embeddable":true,"href":"https:\/\/partediario.com.ar\/index.php?rest_route=%2Fwp%2Fv2%2Fcategories&post=4402"},{"taxonomy":"post_tag","embeddable":true,"href":"https:\/\/partediario.com.ar\/index.php?rest_route=%2Fwp%2Fv2%2Ftags&post=4402"}],"curies":[{"name":"wp","href":"https:\/\/api.w.org\/{rel}","templated":true}]}}