{"id":4405,"date":"2024-07-12T16:48:23","date_gmt":"2024-07-12T19:48:23","guid":{"rendered":"https:\/\/partediario.com.ar\/?p=4405"},"modified":"2024-07-12T16:48:25","modified_gmt":"2024-07-12T19:48:25","slug":"cuiden-cada-peso-y-saquen-la-mayor-productividad-posible-expreso-frigerio","status":"publish","type":"post","link":"https:\/\/partediario.com.ar\/?p=4405","title":{"rendered":"Cuiden \u201ccada peso\u201d y saquen \u201cla mayor productividad posible\u201d, expres\u00f3 Frigerio"},"content":{"rendered":"\n<p><strong>El gobierno provincial mantuvo un nuevo encuentro de gabinete ampliado. All\u00ed, Frigerio inst\u00f3 a los funcionarios que cuiden \u201ccada peso\u201d y exigi\u00f3 que a lo invertido le saquen \u201cla mayor productividad posible\u201d.<\/strong><\/p>\n\n\n\n<p>El gobernador Rogelio Frigerio encabez\u00f3 una nueva reuni\u00f3n de gabinete ampliado, donde repas\u00f3 junto a sus funcionarios las acciones en cada \u00e1rea del gobierno. Adem\u00e1s conversaron sobre la obra p\u00fablica y su reactivaci\u00f3n.<\/p>\n\n\n\n<p>Junto al gobernador estuvieron presentes en el encuentro que se llev\u00f3 a cabo en el Centro Provincial de Convenciones, la vicegobernadora Alicia Aluani; el presidente de la C\u00e1mara de Diputados, Gustavo Hein; el secretario general de la Gobernaci\u00f3n, Mauricio Colello; ministros, secretarios, directores y dem\u00e1s funcionarios provinciales.<\/p>\n\n\n\n<p>Al finalizas de la reuni\u00f3n, Mauricio Colello se\u00f1al\u00f3 que en la oportunidad repasaron las acciones de todas las \u00e1reas y dependencias del gobierno \u00abpara ver en qu\u00e9 cosas transversalmente se puede trabajar conjuntamente\u00bb, manifest\u00f3.<\/p>\n\n\n\n<p>En esa l\u00ednea dijo que el gobernador aprovech\u00f3 para poner en situaci\u00f3n del momento fiscal delicado que se est\u00e1 atravesando, ya que \u00abcay\u00f3 un 25 por ciento la coparticipaci\u00f3n -recaudaci\u00f3n-, por lo cual nos pidi\u00f3 a cada uno de los funcionarios que cuidemos cada peso. Es decir, que a cada peso invertido por el gobierno debemos sacarle la mayor productividad posible\u00bb, indic\u00f3 el secretario general de la Gobernaci\u00f3n, Mauricio Colello.<\/p>\n\n\n\n<p>Colello indic\u00f3 que otros de los temas alcanzados por la reuni\u00f3n fue el de obra p\u00fablica. En ese sentido record\u00f3 que d\u00edas atr\u00e1s se firm\u00f3 un convenio con el gobierno Nacional en el que se \u00abdelimitaba las obras que iba a llevar adelante el Gobierno Nacional y que obras se transfer\u00edan al gobierno provincial\u00bb.<\/p>\n\n\n\n<p>Afirm\u00f3 adem\u00e1s que est\u00e1n dialogando con el gobierno nacional para que esas obras sean transferidas libres de deuda. Y a\u00f1adi\u00f3 que simult\u00e1neamente la provincia est\u00e1 haciendo frente a la deuda en materia de obra p\u00fablica provincial heredada y la reactivaci\u00f3n de las distintas obras.<\/p>\n\n\n\n<p>Tambi\u00e9n destac\u00f3 la importancia de que las personas que quieran tener los beneficios de subsidio de gas y de luz que otorga el gobierno nacional deben registrarse e inscribirse en la p\u00e1gina del gobierno nacional en la secci\u00f3n de la Secretar\u00eda de Energ\u00eda.<br>Por otro lado, afirm\u00f3 que el gobierno provincial continuar\u00e1 con los subsidios que ven\u00eda otorgando y Enersa brindar\u00e1 planes de pagos.<\/p>\n\n\n\n<p><\/p>\n\n\n\n<figure class=\"wp-block-image size-full\"><img loading=\"lazy\" decoding=\"async\" width=\"800\" height=\"450\" src=\"https:\/\/partediario.com.ar\/wp-content\/uploads\/o_1720769571.jpg\" alt=\"\" class=\"wp-image-4406\" srcset=\"https:\/\/partediario.com.ar\/wp-content\/uploads\/o_1720769571.jpg 800w, https:\/\/partediario.com.ar\/wp-content\/uploads\/o_1720769571-300x169.jpg 300w, https:\/\/partediario.com.ar\/wp-content\/uploads\/o_1720769571-768x432.jpg 768w\" sizes=\"auto, (max-width: 800px) 100vw, 800px\" \/><\/figure>\n\n\n\n<p><\/p>\n\n\n\n<p><strong>Plan provincial de pago<\/strong><\/p>\n\n\n\n<p>Peque\u00f1os y medianos comerciantes podr\u00e1n hacerlo del mismo modo en tres cuotas sin inter\u00e9s.<br>Plan en tres o m\u00e1s cuotas, con una tasa de inter\u00e9s del orden del 40 por ciento. En tanto que cualquier usuario de tarjeta de cr\u00e9dito o d\u00e9bito puede pagar en hasta seis cuotas con una tasa preferencial.<\/p>\n\n\n\n<p><strong>Subsidio nacional<\/strong><\/p>\n\n\n\n<p>Por otra parte, se record\u00f3 que para no perder el subsidio nacional de energ\u00eda, los usuarios de esos servicios en todo el pa\u00eds, deber\u00e1n inscribirse en el Registro de Acceso a los Subsidios a la Energ\u00eda (RASE), para lo cual deben ingresar al argentina.gob.ar\/subsidios. Hay tiempo hasta el 31 de julio. Vale aclarar, que quien ya se inscribi\u00f3 no debe volver a hacerlo.<\/p>\n\n\n\n<p><strong>Comit\u00e9 de Energ\u00eda<\/strong><\/p>\n\n\n\n<p>Luego de la reuni\u00f3n de gabinete ampliado, el gobernador junto a la secretaria de Energ\u00eda, Noelia Zapata participaron de la reuni\u00f3n del Comit\u00e9 Energ\u00e9tico de Entre R\u00edos, dando continuidad a la agenda de trabajo conjunto y articulada para pensar y desarrollar estrategias que transformen y potencien la matriz energ\u00e9tica de la provincia.<\/p>\n\n\n\n<p>Del que tambi\u00e9n participaron autoridades de la Comisi\u00f3n T\u00e9cnica Mixta de Salto Grande (CTM), del Ente Provincial Regulador de Energ\u00eda (EPRE) y de Enersa.<\/p>\n\n\n\n<p><\/p>\n\n\n\n<figure class=\"wp-block-embed is-type-video is-provider-youtube wp-block-embed-youtube wp-embed-aspect-16-9 wp-has-aspect-ratio\"><div class=\"wp-block-embed__wrapper\">\n<iframe loading=\"lazy\" title=\"El gobierno provincial tuvo un nuevo encuentro de gabinete ampliado\" width=\"640\" height=\"360\" src=\"https:\/\/www.youtube.com\/embed\/hHWzBwE58ns?feature=oembed\" frameborder=\"0\" allow=\"accelerometer; autoplay; clipboard-write; encrypted-media; gyroscope; picture-in-picture; web-share\" referrerpolicy=\"strict-origin-when-cross-origin\" allowfullscreen><\/iframe>\n<\/div><\/figure>\n","protected":false},"excerpt":{"rendered":"<p>El gobierno provincial mantuvo un nuevo encuentro de gabinete ampliado. All&iacute;, Frigerio inst&oacute; a los funcionarios que cuiden &ldquo;cada peso&rdquo; y exigi&oacute; que a lo invertido le saquen &ldquo;la mayor productividad posible&rdquo;. El gobernador Rogelio Frigerio encabez&oacute; una nueva reuni&oacute;n de gabinete ampliado, donde repas&oacute; junto a sus funcionarios las acciones en cada &aacute;rea del [&hellip;]<\/p>\n","protected":false},"author":2,"featured_media":4407,"comment_status":"open","ping_status":"open","sticky":false,"template":"","format":"standard","meta":{"footnotes":""},"categories":[176,8,726],"tags":[944,257,1707,260,659,265,373,245],"class_list":["post-4405","post","type-post","status-publish","format-standard","has-post-thumbnail","hentry","category-politica","category-provinciales","category-sociedad","tag-alicia-aluani","tag-entre-rios","tag-gabinete-ampliado","tag-gustavo-hein","tag-mauricio-colello","tag-parana","tag-reunion","tag-rogelio-frigerio"],"_links":{"self":[{"href":"https:\/\/partediario.com.ar\/index.php?rest_route=\/wp\/v2\/posts\/4405","targetHints":{"allow":["GET"]}}],"collection":[{"href":"https:\/\/partediario.com.ar\/index.php?rest_route=\/wp\/v2\/posts"}],"about":[{"href":"https:\/\/partediario.com.ar\/index.php?rest_route=\/wp\/v2\/types\/post"}],"author":[{"embeddable":true,"href":"https:\/\/partediario.com.ar\/index.php?rest_route=\/wp\/v2\/users\/2"}],"replies":[{"embeddable":true,"href":"https:\/\/partediario.com.ar\/index.php?rest_route=%2Fwp%2Fv2%2Fcomments&post=4405"}],"version-history":[{"count":1,"href":"https:\/\/partediario.com.ar\/index.php?rest_route=\/wp\/v2\/posts\/4405\/revisions"}],"predecessor-version":[{"id":4408,"href":"https:\/\/partediario.com.ar\/index.php?rest_route=\/wp\/v2\/posts\/4405\/revisions\/4408"}],"wp:featuredmedia":[{"embeddable":true,"href":"https:\/\/partediario.com.ar\/index.php?rest_route=\/wp\/v2\/media\/4407"}],"wp:attachment":[{"href":"https:\/\/partediario.com.ar\/index.php?rest_route=%2Fwp%2Fv2%2Fmedia&parent=4405"}],"wp:term":[{"taxonomy":"category","embeddable":true,"href":"https:\/\/partediario.com.ar\/index.php?rest_route=%2Fwp%2Fv2%2Fcategories&post=4405"},{"taxonomy":"post_tag","embeddable":true,"href":"https:\/\/partediario.com.ar\/index.php?rest_route=%2Fwp%2Fv2%2Ftags&post=4405"}],"curies":[{"name":"wp","href":"https:\/\/api.w.org\/{rel}","templated":true}]}}