{"id":4424,"date":"2024-07-12T17:51:13","date_gmt":"2024-07-12T20:51:13","guid":{"rendered":"https:\/\/partediario.com.ar\/?p=4424"},"modified":"2024-07-12T17:51:13","modified_gmt":"2024-07-12T20:51:13","slug":"las-mejores-bodegas-del-pais-se-presentaran-en-la-feria-parana-wine","status":"publish","type":"post","link":"https:\/\/partediario.com.ar\/?p=4424","title":{"rendered":"Las mejores bodegas del pa\u00eds se presentar\u00e1n en la feria Paran\u00e1 Wine"},"content":{"rendered":"\n<h3 class=\"wp-block-heading\">Ser\u00e1 este s\u00e1bado 13 de julio desde las 19 en el Centro Provincial de Convenciones. Se podr\u00e1n degustar m\u00e1s de 200 etiquetas de media y alta gama. Organizan los sommeliers Flavia Mu\u00f1oz y Juli\u00e1n P\u00e1ez, con el acompa\u00f1amiento del EMPATUR y la Municipalidad de Paran\u00e1.<\/h3>\n\n\n\n<p>El secretario de Gobierno y Coordinaci\u00f3n de Gabinete, Santiago Halle, acompa\u00f1\u00f3 la presentaci\u00f3n y destac\u00f3 que la ciudad \u00abse ha consolidado como un destino de eventos que atraen el turismo y generan trabajo y movimiento para la econom\u00eda local. Paran\u00e1 Wine es parte de este trabajo conjunto que genera una agenda com\u00fan y de calidad entre el sector p\u00fablico y privado\u00bb.<\/p>\n\n\n\n<p><\/p>\n\n\n\n<figure class=\"wp-block-image size-large\"><img loading=\"lazy\" decoding=\"async\" width=\"1024\" height=\"682\" src=\"https:\/\/partediario.com.ar\/wp-content\/uploads\/1720806383_8a606e6a61a0d688b98f-1024x682.jpg\" alt=\"\" class=\"wp-image-4425\" srcset=\"https:\/\/partediario.com.ar\/wp-content\/uploads\/1720806383_8a606e6a61a0d688b98f-1024x682.jpg 1024w, https:\/\/partediario.com.ar\/wp-content\/uploads\/1720806383_8a606e6a61a0d688b98f-300x200.jpg 300w, https:\/\/partediario.com.ar\/wp-content\/uploads\/1720806383_8a606e6a61a0d688b98f-768x512.jpg 768w, https:\/\/partediario.com.ar\/wp-content\/uploads\/1720806383_8a606e6a61a0d688b98f.jpg 1280w\" sizes=\"auto, (max-width: 1024px) 100vw, 1024px\" \/><\/figure>\n\n\n\n<p><\/p>\n\n\n\n<p>Flavia Mu\u00f1oz, por su parte, expres\u00f3: \u201cTendremos m\u00e1s de 60 bodegas de la regi\u00f3n de Cuyo, la Patagonia, del Norte y tambi\u00e9n bodegas de Entre R\u00edos. Son m\u00e1s de 200 etiquetas para probar y degustar\u201d. Y record\u00f3 que \u201ccon la compra de la entrada se ingresar\u00e1 y se entregar\u00e1 una copa de cristal que acompa\u00f1ar\u00e1 durante el recorrido de los stands\u201d.<\/p>\n\n\n\n<p>Agust\u00edn Clavenzani, subsecretario de Turismo y presidente del directorio del EMPATUR, agreg\u00f3 que \u201cnos enorgullece decir que Paran\u00e1 tiene grandes eventos de calidad. Lo trabajamos conjuntamente, lo p\u00fablico y lo privado, porque hay determinaci\u00f3n de los trabajadores, de los empresarios, de avanzar en esto que le da prestigio y jerarqu\u00eda a la propuesta tur\u00edstica local\u201d.<\/p>\n\n\n\n<p>Esta destacada feria ofrecer\u00e1 a los asistentes la oportunidad de descubrir una amplia selecci\u00f3n de vinos de alta calidad y productos gourmet mientras disfrutan de una experiencia enol\u00f3gica \u00fanica.<\/p>\n\n\n\n<p>Paran\u00e1 Wine se enmarca en las actividades que se proyectaron para vivir y disfrutar del invierno en la ciudad, donde adem\u00e1s habr\u00e1: espect\u00e1culos infantiles, la tradicional feria de artesanos, visitas guiadas, los museos, el teatro, los patios gastron\u00f3micos. Son muchas las actividades que son gratuitas y las que no, tienen precios muy accesibles.<\/p>\n","protected":false},"excerpt":{"rendered":"<p>Ser&aacute; este s&aacute;bado 13 de julio desde las 19 en el Centro Provincial de Convenciones. Se podr&aacute;n degustar m&aacute;s de 200 etiquetas de media y alta gama. Organizan los sommeliers Flavia Mu&ntilde;oz y Juli&aacute;n P&aacute;ez, con el acompa&ntilde;amiento del EMPATUR y la Municipalidad de Paran&aacute;. El secretario de Gobierno y Coordinaci&oacute;n de Gabinete, Santiago Halle, [&hellip;]<\/p>\n","protected":false},"author":2,"featured_media":4426,"comment_status":"open","ping_status":"open","sticky":false,"template":"","format":"standard","meta":{"footnotes":""},"categories":[6,726],"tags":[1723,356,1720,1721,210,265,1719,279],"class_list":["post-4424","post","type-post","status-publish","format-standard","has-post-thumbnail","hentry","category-locales","category-sociedad","tag-agustin-clavensani","tag-empatur","tag-flavia-munoz","tag-julian-paez","tag-municipalidad","tag-parana","tag-parana-wine-2","tag-santiago-halle"],"_links":{"self":[{"href":"https:\/\/partediario.com.ar\/index.php?rest_route=\/wp\/v2\/posts\/4424","targetHints":{"allow":["GET"]}}],"collection":[{"href":"https:\/\/partediario.com.ar\/index.php?rest_route=\/wp\/v2\/posts"}],"about":[{"href":"https:\/\/partediario.com.ar\/index.php?rest_route=\/wp\/v2\/types\/post"}],"author":[{"embeddable":true,"href":"https:\/\/partediario.com.ar\/index.php?rest_route=\/wp\/v2\/users\/2"}],"replies":[{"embeddable":true,"href":"https:\/\/partediario.com.ar\/index.php?rest_route=%2Fwp%2Fv2%2Fcomments&post=4424"}],"version-history":[{"count":1,"href":"https:\/\/partediario.com.ar\/index.php?rest_route=\/wp\/v2\/posts\/4424\/revisions"}],"predecessor-version":[{"id":4427,"href":"https:\/\/partediario.com.ar\/index.php?rest_route=\/wp\/v2\/posts\/4424\/revisions\/4427"}],"wp:featuredmedia":[{"embeddable":true,"href":"https:\/\/partediario.com.ar\/index.php?rest_route=\/wp\/v2\/media\/4426"}],"wp:attachment":[{"href":"https:\/\/partediario.com.ar\/index.php?rest_route=%2Fwp%2Fv2%2Fmedia&parent=4424"}],"wp:term":[{"taxonomy":"category","embeddable":true,"href":"https:\/\/partediario.com.ar\/index.php?rest_route=%2Fwp%2Fv2%2Fcategories&post=4424"},{"taxonomy":"post_tag","embeddable":true,"href":"https:\/\/partediario.com.ar\/index.php?rest_route=%2Fwp%2Fv2%2Ftags&post=4424"}],"curies":[{"name":"wp","href":"https:\/\/api.w.org\/{rel}","templated":true}]}}