{"id":4428,"date":"2024-07-12T19:26:46","date_gmt":"2024-07-12T22:26:46","guid":{"rendered":"https:\/\/partediario.com.ar\/?p=4428"},"modified":"2024-07-12T19:26:47","modified_gmt":"2024-07-12T22:26:47","slug":"la-imagen-de-frigerio-de-acuerdo-a-un-sondeo-nacional-lo-ubica-como-el-de-mejor-performance-entre-sus-pares","status":"publish","type":"post","link":"https:\/\/partediario.com.ar\/?p=4428","title":{"rendered":"La imagen de Frigerio de acuerdo a un sondeo nacional lo ubica como el de mejor performance entre sus pares"},"content":{"rendered":"\n<p><strong>La consultora Opinaia llev\u00f3 a cabo un relevamiento entre unos 30 dirigentes pol\u00edticos argentinos en diferentes funciones. El gobernador de Entre R\u00edos fue el de mejor performance entre sus pares.<\/strong><\/p>\n\n\n\n<p>La consultora Opinaia realiz\u00f3 un relevamiento entre unos 30 dirigentes pol\u00edticos argentinos em diferentes funciones, donde el gobernador de Entre R\u00edos Rogelio Frigerio se ubic\u00f3 en el quinto lugar. El podio lo encabez\u00f3 el oficialismo.<\/p>\n\n\n\n<p>Un estudio realizado en junio por la consultora Opinaia, que evalu\u00f3 la imagen de cerca de treinta dirigentes, indic\u00f3 que en la parte superior del ranking quedaron los oficialistas, mientras que en la zona inferior, se resgistr\u00f3 la presencia de referentes de Uni\u00f3n por la Patria.<\/p>\n\n\n\n<p>El sondeo exhibi\u00f3 que los tres pol\u00edticos con mayor valoraci\u00f3n positiva que negativa son, en orden, Victoria Villarruel, Patricia Bullrich y Javier Milei. La vicepresidenta tiene una imagen a favor del 50% y una en contra del 42%, mientras que la Ministra de Seguridad tiene una positiva del 52% y una negativa del 45%; y el Presidente una del 51% y otra del 46%, respectivamente.<\/p>\n\n\n\n<p><strong>Rogelio Frigerio ubicado en el Top 5<\/strong><\/p>\n\n\n\n<p>El Top 5 positivo lo completan el jefe de Gabinete, Guillermo Francos, con un 32% de valoraci\u00f3n positiva y un 36% negativo, y el gobernador de Entre R\u00edos, Rogelio Frigerio, del PRO, con un 31% a favor y un 36% en contra.<\/p>\n\n\n\n<p>El gobernador entrerriano es el de mejor performance entre sus pares y el primer pol\u00edtico que no pertenece al oficialismo en la parte alta del sondeo.<\/p>\n\n\n\n<p>Mientras que en el final de la tabla aparecen personalidades como el ministro de Justicia, Mariano C\u00faneo Libarona (+ 22% y &#8211; 42%) y el expresidente Mauricio Macri (+ 35% y &#8211; 63%) pero las \u00faltimas cinco posiciones son para dirigentes vinculados al kirchnerismo, como el Gobernador bonaerense, Axel Kicillof (+31% y &#8211; 65%) y el dirigente social del Frente Patria Grande Juan Grabois (+ 26% y &#8211; 60%).<\/p>\n\n\n\n<p>En el Top 3 negativo se encuentran la expresidenta Cristina Kirchner (+30% y &#8211; 68%), el exministro de Econom\u00eda y fundador del Frente Renovador, Sergio Massa (+ 28% y &#8211; 69%) y el diputado nacional M\u00e1ximo Kirchner (+20% y &#8211; 73%).<\/p>\n\n\n\n<p><strong>Informaci\u00f3n t\u00e9cnica sobre el estudio<\/strong><\/p>\n\n\n\n<p>Opinaia llev\u00f3 a cabo el estudio, de manera online, entre los d\u00edas 7 y 13 de junio pasado, a 1.000 casos nacionales \u00aba p\u00fablico en general, aplicando una muestra representativa por cuotas de sexo, edad y zona de residencia\u00bb, con un margen de error de +\/-3.<\/p>\n","protected":false},"excerpt":{"rendered":"<p>La consultora Opinaia llev&oacute; a cabo un relevamiento entre unos 30 dirigentes pol&iacute;ticos argentinos en diferentes funciones. El gobernador de Entre R&iacute;os fue el de mejor performance entre sus pares. La consultora Opinaia realiz&oacute; un relevamiento entre unos 30 dirigentes pol&iacute;ticos argentinos em diferentes funciones, donde el gobernador de Entre R&iacute;os Rogelio Frigerio se ubic&oacute; [&hellip;]<\/p>\n","protected":false},"author":2,"featured_media":4429,"comment_status":"open","ping_status":"open","sticky":false,"template":"","format":"standard","meta":{"footnotes":""},"categories":[5,176,8],"tags":[1727,1725,1726,1728,245,1724],"class_list":["post-4428","post","type-post","status-publish","format-standard","has-post-thumbnail","hentry","category-nacionales","category-politica","category-provinciales","tag-mejor","tag-nacional","tag-opinaia","tag-performance","tag-rogelio-frigerio","tag-sondeo"],"_links":{"self":[{"href":"https:\/\/partediario.com.ar\/index.php?rest_route=\/wp\/v2\/posts\/4428","targetHints":{"allow":["GET"]}}],"collection":[{"href":"https:\/\/partediario.com.ar\/index.php?rest_route=\/wp\/v2\/posts"}],"about":[{"href":"https:\/\/partediario.com.ar\/index.php?rest_route=\/wp\/v2\/types\/post"}],"author":[{"embeddable":true,"href":"https:\/\/partediario.com.ar\/index.php?rest_route=\/wp\/v2\/users\/2"}],"replies":[{"embeddable":true,"href":"https:\/\/partediario.com.ar\/index.php?rest_route=%2Fwp%2Fv2%2Fcomments&post=4428"}],"version-history":[{"count":1,"href":"https:\/\/partediario.com.ar\/index.php?rest_route=\/wp\/v2\/posts\/4428\/revisions"}],"predecessor-version":[{"id":4430,"href":"https:\/\/partediario.com.ar\/index.php?rest_route=\/wp\/v2\/posts\/4428\/revisions\/4430"}],"wp:featuredmedia":[{"embeddable":true,"href":"https:\/\/partediario.com.ar\/index.php?rest_route=\/wp\/v2\/media\/4429"}],"wp:attachment":[{"href":"https:\/\/partediario.com.ar\/index.php?rest_route=%2Fwp%2Fv2%2Fmedia&parent=4428"}],"wp:term":[{"taxonomy":"category","embeddable":true,"href":"https:\/\/partediario.com.ar\/index.php?rest_route=%2Fwp%2Fv2%2Fcategories&post=4428"},{"taxonomy":"post_tag","embeddable":true,"href":"https:\/\/partediario.com.ar\/index.php?rest_route=%2Fwp%2Fv2%2Ftags&post=4428"}],"curies":[{"name":"wp","href":"https:\/\/api.w.org\/{rel}","templated":true}]}}