{"id":4434,"date":"2024-07-13T09:31:14","date_gmt":"2024-07-13T12:31:14","guid":{"rendered":"https:\/\/partediario.com.ar\/?p=4434"},"modified":"2024-07-13T09:31:15","modified_gmt":"2024-07-13T12:31:15","slug":"entre-rios-se-mantiene-el-alerta-roja-por-frios-extremos-pero-se-aguarda-un-leve-ascenso-de-las-temperaturas","status":"publish","type":"post","link":"https:\/\/partediario.com.ar\/?p=4434","title":{"rendered":"Entre R\u00edos: se mantiene el alerta roja por fr\u00edos extremos pero se aguarda un leve ascenso de las temperaturas"},"content":{"rendered":"\n<p><strong>Entre R\u00edos contin\u00faa bajo alerta roja por fr\u00edo extremo, sin embargo los registros t\u00e9rmicos ir\u00e1n en ascenso durante los pr\u00f3ximos d\u00edas. C\u00f3mo estar\u00e1 el clima durante el fin de semana en Paran\u00e1.<\/strong><\/p>\n\n\n\n<p>Afortunadamente y para el alivio de los entrerrianos, la ola polar registrar\u00e1 un breve freno durante este fin de semana en la mayor\u00eda del pa\u00eds en donde se registrar\u00e1 un alza de entre uno y cinco grados de la temperatura m\u00ednima y m\u00e1xima, dependiendo la zona. \u201cLa ola de fr\u00edo va cediendo, hay un leve repunte de temperatura y para mediados de la semana que viene habr\u00e1 un clima templado moment\u00e1neo de alrededor 18 grados en el \u00e1rea metropolitana\u201d, indicaron desde el Servicio Meteorol\u00f3gico Nacional (SMN).<\/p>\n\n\n\n<p>De todas formas, de acuerdo al \u00faltimo reporte del SMN, Entre R\u00edos contin\u00faa bajo alerta roja por el fr\u00edo extremo; con excepci\u00f3n del norte entrerriano donde la advertencia es de nivel naranja.<\/p>\n\n\n\n<p><\/p>\n\n\n\n<figure class=\"wp-block-image size-large is-resized\"><img loading=\"lazy\" decoding=\"async\" width=\"1024\" height=\"430\" src=\"https:\/\/partediario.com.ar\/wp-content\/uploads\/scrnli_13_7_2024_9-10-18-1024x430.png\" alt=\"\" class=\"wp-image-4435\" style=\"width:840px;height:auto\" srcset=\"https:\/\/partediario.com.ar\/wp-content\/uploads\/scrnli_13_7_2024_9-10-18-1024x430.png 1024w, https:\/\/partediario.com.ar\/wp-content\/uploads\/scrnli_13_7_2024_9-10-18-300x126.png 300w, https:\/\/partediario.com.ar\/wp-content\/uploads\/scrnli_13_7_2024_9-10-18-768x322.png 768w, https:\/\/partediario.com.ar\/wp-content\/uploads\/scrnli_13_7_2024_9-10-18.png 1134w\" sizes=\"auto, (max-width: 1024px) 100vw, 1024px\" \/><\/figure>\n\n\n\n<p><\/p>\n\n\n\n<p><strong>El clima en Paran\u00e1<\/strong><\/p>\n\n\n\n<p>El cielo se encuentra despejado este s\u00e1bado en Paran\u00e1 y para la jornada se prev\u00e9 que las temperaturas oscilen entre los 1 y 13\u00baC con vientos del este rotando hacia el sudeste por la noche. Por otro lado, para el domingo, el valor inferior escalar\u00e1 a 2\u00b0C y la m\u00e1xima trepar\u00e1 a 16\u00baC con el cielo ligeramente a parcialmente nublado.<\/p>\n\n\n\n<p>Mientras que para el lunes, se pronostica cielo parcialmente nublado con marcas t\u00e9rmicas que rondar\u00e1n entre los 6 y 18\u00baC y continuar\u00e1n en ascenso durante el martes, para cuando se anuncia una m\u00ednima de 9\u00baC y una m\u00e1xima que llegar\u00eda a los 20\u00baC.<\/p>\n\n\n\n<p>Las m\u00e1ximas seguir\u00e1n en aumento y para el mi\u00e9rcoles se pronostica una jornada parcialmente nublada con 21\u00baC; mientras que, para el jueves, se espera cielo parcialmente a algo nublado con temperaturas que oscilar\u00e1n entre los 11 y 25\u00baC.<\/p>\n\n\n\n<p><\/p>\n\n\n\n<figure class=\"wp-block-image size-full\"><img loading=\"lazy\" decoding=\"async\" width=\"637\" height=\"462\" src=\"https:\/\/partediario.com.ar\/wp-content\/uploads\/scrnli_13_7_2024_9-29-40.png\" alt=\"\" class=\"wp-image-4436\" srcset=\"https:\/\/partediario.com.ar\/wp-content\/uploads\/scrnli_13_7_2024_9-29-40.png 637w, https:\/\/partediario.com.ar\/wp-content\/uploads\/scrnli_13_7_2024_9-29-40-300x218.png 300w\" sizes=\"auto, (max-width: 637px) 100vw, 637px\" \/><\/figure>\n","protected":false},"excerpt":{"rendered":"<p>Entre R&iacute;os contin&uacute;a bajo alerta roja por fr&iacute;o extremo, sin embargo los registros t&eacute;rmicos ir&aacute;n en ascenso durante los pr&oacute;ximos d&iacute;as. C&oacute;mo estar&aacute; el clima durante el fin de semana en Paran&aacute;. Afortunadamente y para el alivio de los entrerrianos, la ola polar registrar&aacute; un breve freno durante este fin de semana en la mayor&iacute;a [&hellip;]<\/p>\n","protected":false},"author":2,"featured_media":4437,"comment_status":"open","ping_status":"open","sticky":false,"template":"","format":"standard","meta":{"footnotes":""},"categories":[8,726],"tags":[267,257],"class_list":["post-4434","post","type-post","status-publish","format-standard","has-post-thumbnail","hentry","category-provinciales","category-sociedad","tag-clima","tag-entre-rios"],"_links":{"self":[{"href":"https:\/\/partediario.com.ar\/index.php?rest_route=\/wp\/v2\/posts\/4434","targetHints":{"allow":["GET"]}}],"collection":[{"href":"https:\/\/partediario.com.ar\/index.php?rest_route=\/wp\/v2\/posts"}],"about":[{"href":"https:\/\/partediario.com.ar\/index.php?rest_route=\/wp\/v2\/types\/post"}],"author":[{"embeddable":true,"href":"https:\/\/partediario.com.ar\/index.php?rest_route=\/wp\/v2\/users\/2"}],"replies":[{"embeddable":true,"href":"https:\/\/partediario.com.ar\/index.php?rest_route=%2Fwp%2Fv2%2Fcomments&post=4434"}],"version-history":[{"count":1,"href":"https:\/\/partediario.com.ar\/index.php?rest_route=\/wp\/v2\/posts\/4434\/revisions"}],"predecessor-version":[{"id":4438,"href":"https:\/\/partediario.com.ar\/index.php?rest_route=\/wp\/v2\/posts\/4434\/revisions\/4438"}],"wp:featuredmedia":[{"embeddable":true,"href":"https:\/\/partediario.com.ar\/index.php?rest_route=\/wp\/v2\/media\/4437"}],"wp:attachment":[{"href":"https:\/\/partediario.com.ar\/index.php?rest_route=%2Fwp%2Fv2%2Fmedia&parent=4434"}],"wp:term":[{"taxonomy":"category","embeddable":true,"href":"https:\/\/partediario.com.ar\/index.php?rest_route=%2Fwp%2Fv2%2Fcategories&post=4434"},{"taxonomy":"post_tag","embeddable":true,"href":"https:\/\/partediario.com.ar\/index.php?rest_route=%2Fwp%2Fv2%2Ftags&post=4434"}],"curies":[{"name":"wp","href":"https:\/\/api.w.org\/{rel}","templated":true}]}}