{"id":446,"date":"2024-06-06T03:06:09","date_gmt":"2024-06-06T03:06:09","guid":{"rendered":"https:\/\/partediario.com.ar\/?p=446"},"modified":"2024-06-06T03:06:10","modified_gmt":"2024-06-06T03:06:10","slug":"baez-que-autoridad-tienen-para-expulsar-o-no-a-nadie-no-son-elegidos-por-el-voto-popular-como-el-senador","status":"publish","type":"post","link":"https:\/\/partediario.com.ar\/?p=446","title":{"rendered":"B\u00e1ez : \u201c Qu\u00e9 autoridad tienen para expulsar\u00a0 o no a nadie , no son elegidos por el voto popular como el senador \u201c"},"content":{"rendered":"\n<p>El Concejal, Dario Baez, ( Libertad Avanza) , en di\u00e1logo con Radio La Voz , defendi\u00f3 el accionar del Legislador Nacional Kuider (PJ); Critic\u00f3 a la dirigencia Justicialista y se meti\u00f3 en la interna peronista , defendi\u00f3 la Ley base y pidi\u00f3 no poner palos en la rueda al gobierno de Milei;alej\u00f3 de Etchevehere .&nbsp;<\/p>\n\n\n\n<p>Kueider.<\/p>\n\n\n\n<p>El concejal libertario, mencion\u00f3&nbsp; que \u201c la l\u00f3gica de todo gobierno que inicia, es que la oposici\u00f3n acompa\u00f1e por lo menos en los marcos regulatorios para poder gobernar \u201cdispar\u00f3 para argumentar que \u201c La Ley base es eso\u201d. dijo que \u201c la presencia de senadores que tengan&nbsp; eso en cuenta, que acompa\u00f1en, en disidencia pero que acompa\u00f1en , les da las herramientas al gobierno para poder gobernar\u201d. ya que a su entender es un mensaje de civismo y democracia&nbsp;<\/p>\n\n\n\n<p>\u201c PJ debe reestructurar su funcionalidad&nbsp;<\/p>\n\n\n\n<p>Con relaci\u00f3n a las sancione al legislador&nbsp; Edgardo&nbsp; kuider, por las actuales autoridades del PJ,&nbsp; se inmiscuye en la interna y desliz\u00f3 \u201c Es el mismo partido justicialista que no dicen nada desde hace 6 a\u00f1os, no me quiero meter en la interna peronista , pero creo debe reestructurar su funcionalidad, principalmente con su participaci\u00f3n, los militantes peronistas no est\u00e1n muy conformes con las autoridades partidarias\u201d y la dilapid\u00f3 al mencionar que \u201c qu\u00e9 autoridad tienen para expulsar&nbsp; o no a nadie , no son elegidos por el voto popular como el senador Kuider\u201d.&nbsp;&nbsp;<\/p>\n\n\n\n<p>Dario Baez, mencion\u00f3&nbsp; que \u201c hay mucha referencia peronista en la libertad avanza , no queremos expulsar sino sumar a todos aquellos que tengan voluntad de crear un nuevo gobierno , con nuevos dirigentes y con aquellos que tengan experiencias tambi\u00e9n\u201d .&nbsp;<\/p>\n\n\n\n<p>Etchevehere procesado y distanciado&nbsp;<\/p>\n\n\n\n<p>Con relaci\u00f3n a la causa judicial que envuelve al ahora funcionario nacional y ex candidato a gobernador , Sebast\u00edan Etchevehere , dijo\u201d Es un proceso que tiene m\u00e1s de 10 a\u00f1os , que la justicia se tiene que expedir, nosotros no somos nadie para decir que es o que se tiene que hacer con la familia Etchevehere\u201d pero Baez, r\u00e1pidamente se diferenci\u00f3 del funcionario al decir que \u201c despu\u00e9s de las elecciones ya no forman parte del mismo espacio,, estamos distanciados \u201d . dijo y demostr\u00f3 que lejos de los d\u00edas donde todos eran uno en Entre R\u00edos, hoy transitan un nuevo camino, \u201c con un expediente gestionado en la justicia electoral para la conformaci\u00f3n de un nuevo partido\u201d , est\u00e1n armando \u201c el partido de Karina Milei la Libertad Avanza\u201d y justific\u00f3 que lo viene haciendo desde \u201c hace varios meses m con nuevas estrategias.&nbsp;<\/p>\n\n\n\n<p>Alimentos que no se repartieron&nbsp;<\/p>\n\n\n\n<p>Consultado sobre los allanamientos a los galp\u00f3n, los alimentos no entregados, el accionar de Sandra Pettovello , Ministra de Capital Humano de la Naci\u00f3n. no tuvo una defensa muy clara, mezclando cuestiones que involucran a gobiernos de Peron,, Alfons\u00edn y Cristina Kirchner, &nbsp; hizo una d\u00e9bil defensa y en defensa de la funcionaria nacional dijo que \u201c paga las consecuencias por tomar decisiones de eliminar los intermediarios de la pobreza\u201d. dijo que \u201c eso tiene un costo pol\u00edtico\u201d y que \u201c fue todo orquestado\u201d, apunt\u00f3 contra algunos referentes sociales como Graboi, P\u00e9rsico y la dirigencia del polo obrero En ese orden incluso se arriesgo a decir que \u201c ni Macri se anim\u00f2 a terminar con los gerentes de los pobres, como si lo hace el gobierno actual\u201d.&nbsp;<\/p>\n\n\n\n<p>,&nbsp;<\/p>\n\n\n\n<p>Desempleo&nbsp;<\/p>\n\n\n\n<p>Lejos de responsabilizarse defendi\u00f3 su gobierno y dijo que hace 5 meses reci\u00e9n est\u00e1n gobernando y que no tienen las herramientas necesarias para poder hacerlo \u201c. a lo que agreg\u00f3 que \u201c un poco de responsabilidad tiene el gobierno de Alberto Fern\u00e1ndez que dej\u00f3 en inflaci\u00f3n en 1700 % y la verdad que si no se le da las herramientas a este gobierno no s\u00e9 de qu\u00e9 est\u00e1s hablando\u201d\u00a0<\/p>\n","protected":false},"excerpt":{"rendered":"<p>El Concejal, Dario Baez, ( Libertad Avanza) , en di&aacute;logo con Radio La Voz , defendi&oacute; el accionar del Legislador Nacional Kuider (PJ); Critic&oacute; a la dirigencia Justicialista y se meti&oacute; en la interna peronista , defendi&oacute; la Ley base y pidi&oacute; no poner palos en la rueda al gobierno de Milei;alej&oacute; de Etchevehere .&nbsp; [&hellip;]<\/p>\n","protected":false},"author":2,"featured_media":447,"comment_status":"open","ping_status":"open","sticky":false,"template":"","format":"standard","meta":{"footnotes":""},"categories":[6],"tags":[],"class_list":["post-446","post","type-post","status-publish","format-standard","has-post-thumbnail","hentry","category-locales"],"_links":{"self":[{"href":"https:\/\/partediario.com.ar\/index.php?rest_route=\/wp\/v2\/posts\/446","targetHints":{"allow":["GET"]}}],"collection":[{"href":"https:\/\/partediario.com.ar\/index.php?rest_route=\/wp\/v2\/posts"}],"about":[{"href":"https:\/\/partediario.com.ar\/index.php?rest_route=\/wp\/v2\/types\/post"}],"author":[{"embeddable":true,"href":"https:\/\/partediario.com.ar\/index.php?rest_route=\/wp\/v2\/users\/2"}],"replies":[{"embeddable":true,"href":"https:\/\/partediario.com.ar\/index.php?rest_route=%2Fwp%2Fv2%2Fcomments&post=446"}],"version-history":[{"count":1,"href":"https:\/\/partediario.com.ar\/index.php?rest_route=\/wp\/v2\/posts\/446\/revisions"}],"predecessor-version":[{"id":448,"href":"https:\/\/partediario.com.ar\/index.php?rest_route=\/wp\/v2\/posts\/446\/revisions\/448"}],"wp:featuredmedia":[{"embeddable":true,"href":"https:\/\/partediario.com.ar\/index.php?rest_route=\/wp\/v2\/media\/447"}],"wp:attachment":[{"href":"https:\/\/partediario.com.ar\/index.php?rest_route=%2Fwp%2Fv2%2Fmedia&parent=446"}],"wp:term":[{"taxonomy":"category","embeddable":true,"href":"https:\/\/partediario.com.ar\/index.php?rest_route=%2Fwp%2Fv2%2Fcategories&post=446"},{"taxonomy":"post_tag","embeddable":true,"href":"https:\/\/partediario.com.ar\/index.php?rest_route=%2Fwp%2Fv2%2Ftags&post=446"}],"curies":[{"name":"wp","href":"https:\/\/api.w.org\/{rel}","templated":true}]}}