{"id":4469,"date":"2024-07-13T20:35:57","date_gmt":"2024-07-13T23:35:57","guid":{"rendered":"https:\/\/partediario.com.ar\/?p=4469"},"modified":"2024-07-13T20:35:58","modified_gmt":"2024-07-13T23:35:58","slug":"video-le-dispararon-a-donald-trump-en-un-acto-de-campana-y-cayo-al-suelo-ensangrentado","status":"publish","type":"post","link":"https:\/\/partediario.com.ar\/?p=4469","title":{"rendered":"Video: le dispararon a Donald Trump en un acto de campa\u00f1a y cay\u00f3 al suelo ensangrentado"},"content":{"rendered":"\n<p><strong>El ataque contra el ex presidente, se produjo en Butler, Pennsylvania. Las c\u00e1maras captaron su cara ensangrentada y fue evacuado r\u00e1pidamente por agentes de seguridad del ex mandatario.<\/strong> <strong>Muere el agresor y un civil<\/strong>.<\/p>\n\n\n\n<p>El expresidente Donald Trump comenz\u00f3 a hablar en el evento -uno de los \u00faltimos mitines que tendr\u00e1 antes de ser nombrado oficialmente el candidato presidencial de su partido en la Convenci\u00f3n Republicana que arranca el lunes- cuando se escucharon estallidos entre la multitud.<\/p>\n\n\n\n<p>El exmandatario se cubri\u00f3 detr\u00e1s del atril en el que daba su discurso y fue velozmente retirado por su equipo de seguridad.<\/p>\n\n\n\n<p>Las primeras im\u00e1genes muestran a Trump con sangre en su rostro, aunque a\u00fan no se ha confirmado el estado de salud del exmandatario tras lo sucedido.<\/p>\n\n\n\n<p>Trump estaba mostrando una gr\u00e1fica con cifras sobre cruces fronterizos cuando comenzaron a sonar estallidos entre la multitud. R\u00e1pidamente se ocult\u00f3 detr\u00e1s del podio al tiempo que los agentes de su equipo de seguridad sub\u00edan al escenario y se escuchaban gritos entre la multitud.<\/p>\n\n\n\n<p>Los estallidos continuaron cuando los agentes custodiaban a Trump en el escenario. Al levantarse (se observ\u00f3 lo que parec\u00eda ser sangre en su rostro), alz\u00f3 el pu\u00f1o y la multitud lo aplaudi\u00f3.<\/p>\n\n\n\n<p>Momentos m\u00e1s tarde su caravana abandon\u00f3 el lugar y la polic\u00eda comenz\u00f3 a desalojar el recinto ferial poco despu\u00e9s que Trump se vaya del escenario.<\/p>\n\n\n\n<p>El ex presidente se encuentra \u00aba salvo\u00bb luego del incidente, inform\u00f3 poco despu\u00e9s el servicio secreto.<\/p>\n\n\n\n<p><\/p>\n\n\n\n<blockquote class=\"twitter-tweet\" data-media-max-width=\"560\"><p lang=\"es\" dir=\"ltr\"><a href=\"https:\/\/t.co\/8OFydb1kg0\">pic.twitter.com\/8OFydb1kg0<\/a> <a href=\"https:\/\/twitter.com\/hashtag\/Aproximidad?src=hash&amp;ref_src=twsrc%5Etfw\">#Aproximidad<\/a> \ud83d\udea8 <a href=\"https:\/\/twitter.com\/hashtag\/AlertaADN?src=hash&amp;ref_src=twsrc%5Etfw\">#AlertaADN<\/a><br><br>Anthony Guglielmi, jefe de comunicaciones del Servicio Secreto, informa que se han implementado medidas de protecci\u00f3n y a Trump; ahora una investigaci\u00f3n activa del Servicio Secreto y se publicar\u00e1 m\u00e1s informaci\u00f3n cuando est\u00e9 di\u2026<\/p>&mdash; A-Proximidad (@AProximidad) <a href=\"https:\/\/twitter.com\/AProximidad\/status\/1812263942737080435?ref_src=twsrc%5Etfw\">July 13, 2024<\/a><\/blockquote> <script async src=\"https:\/\/platform.twitter.com\/widgets.js\" charset=\"utf-8\"><\/script>\n\n\n\n<p><\/p>\n\n\n\n<p>\u00abEl Servicio Secreto implement\u00f3 medidas de protecci\u00f3n y el expresidente est\u00e1 a salvo. Ahora se trata de una investigaci\u00f3n activa del Servicio Secreto y se publicar\u00e1 m\u00e1s informaci\u00f3n cuando est\u00e9 disponible\u00bb, dijo el jefe de comunicaciones del servicio secreto, Anthony Guglielmi, en X.<\/p>\n\n\n\n<p><\/p>\n\n\n\n<figure class=\"wp-block-embed is-type-video is-provider-youtube wp-block-embed-youtube wp-embed-aspect-16-9 wp-has-aspect-ratio\"><div class=\"wp-block-embed__wrapper\">\n<iframe loading=\"lazy\" title=\"EN VIVO: Evac\u00faan a Trump de escenario tras o\u00edrse detonaciones en un mitin en Pennsylvania\" width=\"640\" height=\"360\" src=\"https:\/\/www.youtube.com\/embed\/HQrPda3Xb-c?feature=oembed\" frameborder=\"0\" allow=\"accelerometer; autoplay; clipboard-write; encrypted-media; gyroscope; picture-in-picture; web-share\" referrerpolicy=\"strict-origin-when-cross-origin\" allowfullscreen><\/iframe>\n<\/div><\/figure>\n\n\n\n<p><\/p>\n","protected":false},"excerpt":{"rendered":"<p>El ataque contra el ex presidente, se produjo en Butler, Pennsylvania. Las c&aacute;maras captaron su cara ensangrentada y fue evacuado r&aacute;pidamente por agentes de seguridad del ex mandatario. Muere el agresor y un civil. El expresidente Donald Trump comenz&oacute; a hablar en el evento -uno de los &uacute;ltimos mitines que tendr&aacute; antes de ser nombrado [&hellip;]<\/p>\n","protected":false},"author":2,"featured_media":4470,"comment_status":"open","ping_status":"open","sticky":false,"template":"","format":"standard","meta":{"footnotes":""},"categories":[9,176],"tags":[1751,1753,857,725,1752],"class_list":["post-4469","post","type-post","status-publish","format-standard","has-post-thumbnail","hentry","category-internacionales","category-politica","tag-ataque","tag-disparos","tag-donald-trump","tag-muerto","tag-pennslvania"],"_links":{"self":[{"href":"https:\/\/partediario.com.ar\/index.php?rest_route=\/wp\/v2\/posts\/4469","targetHints":{"allow":["GET"]}}],"collection":[{"href":"https:\/\/partediario.com.ar\/index.php?rest_route=\/wp\/v2\/posts"}],"about":[{"href":"https:\/\/partediario.com.ar\/index.php?rest_route=\/wp\/v2\/types\/post"}],"author":[{"embeddable":true,"href":"https:\/\/partediario.com.ar\/index.php?rest_route=\/wp\/v2\/users\/2"}],"replies":[{"embeddable":true,"href":"https:\/\/partediario.com.ar\/index.php?rest_route=%2Fwp%2Fv2%2Fcomments&post=4469"}],"version-history":[{"count":1,"href":"https:\/\/partediario.com.ar\/index.php?rest_route=\/wp\/v2\/posts\/4469\/revisions"}],"predecessor-version":[{"id":4471,"href":"https:\/\/partediario.com.ar\/index.php?rest_route=\/wp\/v2\/posts\/4469\/revisions\/4471"}],"wp:featuredmedia":[{"embeddable":true,"href":"https:\/\/partediario.com.ar\/index.php?rest_route=\/wp\/v2\/media\/4470"}],"wp:attachment":[{"href":"https:\/\/partediario.com.ar\/index.php?rest_route=%2Fwp%2Fv2%2Fmedia&parent=4469"}],"wp:term":[{"taxonomy":"category","embeddable":true,"href":"https:\/\/partediario.com.ar\/index.php?rest_route=%2Fwp%2Fv2%2Fcategories&post=4469"},{"taxonomy":"post_tag","embeddable":true,"href":"https:\/\/partediario.com.ar\/index.php?rest_route=%2Fwp%2Fv2%2Ftags&post=4469"}],"curies":[{"name":"wp","href":"https:\/\/api.w.org\/{rel}","templated":true}]}}