{"id":4479,"date":"2024-07-14T11:10:35","date_gmt":"2024-07-14T14:10:35","guid":{"rendered":"https:\/\/partediario.com.ar\/?p=4479"},"modified":"2024-07-14T11:10:43","modified_gmt":"2024-07-14T14:10:43","slug":"la-justicia-avalo-la-politica-de-pettovello-pero-debera-mantener-la-entrega-de-alimentos","status":"publish","type":"post","link":"https:\/\/partediario.com.ar\/?p=4479","title":{"rendered":"La Justicia aval\u00f3 la pol\u00edtica de Pettovello pero deber\u00e1 mantener la entrega de alimentos"},"content":{"rendered":"\n<p><strong>El juez Walter Lara Correa le orden\u00f3 al Ministerio de Capital Humano que \u00abno innove respecto de los planes y programas\u00bb referidos a la distribuci\u00f3n de alimentos, que \u00bb deber\u00e1n ser cumplidos de manera cabal, estricta y sin dilaci\u00f3n o interrupci\u00f3n alguna\u00bb.<\/strong><\/p>\n\n\n\n<p>En el marco de una acci\u00f3n colectiva iniciada por la Uni\u00f3n de Trabajadores y Trabajadoras de la Econom\u00eda Popular (UTEP) y el Centro de Estudios Legales y Sociales (CELS), el juez Walter Lara Correa, del Contencioso Administrativo, hizo lugar a una solicitud contra el Ministerio de Capital Humano, a cargo de Sandra Pettovello, en la causa por alimentos, pero le orden\u00f3 no discontinuar su metodolog\u00eda.<\/p>\n\n\n\n<p>Estableciendo como \u00abrepresentante adecuado\u00bb de fiscalizaci\u00f3n al Centro de Estudios Legales y Sociales (CELS), el magistrado le orden\u00f3 garantizar la continuidad de los programas y planes alimentarios que brindan los comederos y merenderos comunitarios. Adem\u00e1s, consider\u00f3 que la cartera del Gobierno \u00abno innove respecto de los planes y programas\u00bb referidos a la distribuci\u00f3n de alimentos, que \u00bb deber\u00e1n ser cumplidos de manera cabal, estricta y sin dilaci\u00f3n o interrupci\u00f3n alguna\u00bb.<\/p>\n\n\n\n<p>A pesar de su fallo, la Justicia interpreta que no obstaculiza \u00ablas facultades que posee el Poder Ejecutivo Nacional de reestructurar, revisar y auditar la ejecuci\u00f3n de los diferentes programas y\/o planes. Tampoco, la potestad de creaci\u00f3n de nuevos programas complementarios siempre que el colectivo identificado y, a quien se encentra dirigida el programa satisfaga de manera efectiva su derecho\u00bb.<\/p>\n\n\n\n<p>Finalizando, el magistrado explicita que no imposibilitar\u00e1 ning\u00fan tipo de auditor\u00eda a \u00abcomedores y\/o merenderos\u00bb, pero solicita al Ministerio de Capital Humano la presentaci\u00f3n de \u00abun informe mensual acerca del desarrollo de las pol\u00edticas p\u00fablicas vinculadas con los comedores y\/o merenderos, que tiene por finalidad la satisfacci\u00f3n del colectivo que all\u00ed asisten y la cantidad de poblaci\u00f3n beneficiada\u00bb.<\/p>\n","protected":false},"excerpt":{"rendered":"<p>El juez Walter Lara Correa le orden&oacute; al Ministerio de Capital Humano que &laquo;no innove respecto de los planes y programas&raquo; referidos a la distribuci&oacute;n de alimentos, que &raquo; deber&aacute;n ser cumplidos de manera cabal, estricta y sin dilaci&oacute;n o interrupci&oacute;n alguna&raquo;. En el marco de una acci&oacute;n colectiva iniciada por la Uni&oacute;n de Trabajadores [&hellip;]<\/p>\n","protected":false},"author":2,"featured_media":4480,"comment_status":"open","ping_status":"open","sticky":false,"template":"","format":"standard","meta":{"footnotes":""},"categories":[979,5,176],"tags":[895,1756,377,1169,1755],"class_list":["post-4479","post","type-post","status-publish","format-standard","has-post-thumbnail","hentry","category-judiciales","category-nacionales","category-politica","tag-capital-humano","tag-cels","tag-sandra-petovello","tag-utep","tag-walter-lara-correa"],"_links":{"self":[{"href":"https:\/\/partediario.com.ar\/index.php?rest_route=\/wp\/v2\/posts\/4479","targetHints":{"allow":["GET"]}}],"collection":[{"href":"https:\/\/partediario.com.ar\/index.php?rest_route=\/wp\/v2\/posts"}],"about":[{"href":"https:\/\/partediario.com.ar\/index.php?rest_route=\/wp\/v2\/types\/post"}],"author":[{"embeddable":true,"href":"https:\/\/partediario.com.ar\/index.php?rest_route=\/wp\/v2\/users\/2"}],"replies":[{"embeddable":true,"href":"https:\/\/partediario.com.ar\/index.php?rest_route=%2Fwp%2Fv2%2Fcomments&post=4479"}],"version-history":[{"count":1,"href":"https:\/\/partediario.com.ar\/index.php?rest_route=\/wp\/v2\/posts\/4479\/revisions"}],"predecessor-version":[{"id":4481,"href":"https:\/\/partediario.com.ar\/index.php?rest_route=\/wp\/v2\/posts\/4479\/revisions\/4481"}],"wp:featuredmedia":[{"embeddable":true,"href":"https:\/\/partediario.com.ar\/index.php?rest_route=\/wp\/v2\/media\/4480"}],"wp:attachment":[{"href":"https:\/\/partediario.com.ar\/index.php?rest_route=%2Fwp%2Fv2%2Fmedia&parent=4479"}],"wp:term":[{"taxonomy":"category","embeddable":true,"href":"https:\/\/partediario.com.ar\/index.php?rest_route=%2Fwp%2Fv2%2Fcategories&post=4479"},{"taxonomy":"post_tag","embeddable":true,"href":"https:\/\/partediario.com.ar\/index.php?rest_route=%2Fwp%2Fv2%2Ftags&post=4479"}],"curies":[{"name":"wp","href":"https:\/\/api.w.org\/{rel}","templated":true}]}}