{"id":4509,"date":"2024-07-14T19:19:55","date_gmt":"2024-07-14T22:19:55","guid":{"rendered":"https:\/\/partediario.com.ar\/?p=4509"},"modified":"2024-07-14T19:19:56","modified_gmt":"2024-07-14T22:19:56","slug":"parana-el-museo-de-la-ciudad-celebro-sus-30-anos","status":"publish","type":"post","link":"https:\/\/partediario.com.ar\/?p=4509","title":{"rendered":"Paran\u00e1: el Museo de la Ciudad celebr\u00f3 sus 30 a\u00f1os"},"content":{"rendered":"\n<p><strong>Fue este viernes con un emotivo encuentro en el edificio de calle Buenos Aires 226. \u201cValoramos el trabajo de preservar y compartir la historia y la identidad de Paran\u00e1\u00bb, dijo la intendenta Rosario Romero.<\/strong><\/p>\n\n\n\n<p>\u201cEsta celebraci\u00f3n reconoce las buenas continuidades en las gestiones, porque una vez que empez\u00f3 a funcionar el Museo, ning\u00fan Intendente retrocedi\u00f3\u201d, expres\u00f3 Romero, quien estuvo acompa\u00f1ada por el viceintendente, David C\u00e1ceres.<\/p>\n\n\n\n<p><\/p>\n\n\n\n<figure class=\"wp-block-image size-large\"><img loading=\"lazy\" decoding=\"async\" width=\"1024\" height=\"683\" src=\"https:\/\/partediario.com.ar\/wp-content\/uploads\/1720881424_de7aff60a5c423d46d46-1024x683.jpg\" alt=\"\" class=\"wp-image-4510\" srcset=\"https:\/\/partediario.com.ar\/wp-content\/uploads\/1720881424_de7aff60a5c423d46d46-1024x683.jpg 1024w, https:\/\/partediario.com.ar\/wp-content\/uploads\/1720881424_de7aff60a5c423d46d46-300x200.jpg 300w, https:\/\/partediario.com.ar\/wp-content\/uploads\/1720881424_de7aff60a5c423d46d46-768x512.jpg 768w, https:\/\/partediario.com.ar\/wp-content\/uploads\/1720881424_de7aff60a5c423d46d46-1536x1024.jpg 1536w, https:\/\/partediario.com.ar\/wp-content\/uploads\/1720881424_de7aff60a5c423d46d46.jpg 1620w\" sizes=\"auto, (max-width: 1024px) 100vw, 1024px\" \/><\/figure>\n\n\n\n<p><\/p>\n\n\n\n<p>\u201cEste Museo cuenta la historia de nuestra ciudad, de sus or\u00edgenes, de las cosas importantes que pasaron en Paran\u00e1, por ejemplo, que fuimos la primera Capital de la Confederaci\u00f3n hace 170 a\u00f1os. Muchas cosas fundamentales de la vida pol\u00edtica e institucional, cultural y deportiva est\u00e1n reflejadas ac\u00e1\u201d, agreg\u00f3.<\/p>\n\n\n\n<p>La secretaria de Educaci\u00f3n, Cultura y Convivencia Ciudadana, Nadia Bilat, destac\u00f3 \u00abponer a disposici\u00f3n de los paranaenses y los turistas todo lo relacionado con la historia, la cultura y el arte, que son parte fundamental de nuestra identidad\u201d.<\/p>\n\n\n\n<p><strong>Un poco de historia<\/strong><\/p>\n\n\n\n<p>El Museo de la Ciudad, que lleva el nombre del historiador entrerriano C\u00e9sar Blas P\u00e9rez Colman, tuvo diversos emplazamientos. Fue creado por Ordenanza N\u00ba 7033 del 6 de octubre de 1987; sin embargo, por cuestiones presupuestarias, no se puso en marcha hasta el 14 de julio de 1994.<\/p>\n\n\n\n<p>En la ordenanza se expresa que \u201csu creaci\u00f3n tendr\u00e1 como objeto la salvaguardia y revalorizaci\u00f3n del testimonio cultural y natural que testimonien el origen y evoluci\u00f3n hist\u00f3rica de la ciudad y sus habitantes\u201d.<\/p>\n\n\n\n<p>Adem\u00e1s, en la norma se estipulaba que deb\u00eda reunir, clasificar, mantener y exponer al p\u00fablico documentos, cosas y otras piezas que sean de inter\u00e9s para documentar o mostrar la historia edilicia de la ciudad y de la cultura y costumbres de sus habitantes.<\/p>\n\n\n\n<p>Participaron del acto: Joaqu\u00edn Arij\u00f3n, subsecretario de Cultura; Gisela Bahler, directora de Museos y Patrimonio Hist\u00f3rico; y la concejal Luisina Minni. Adem\u00e1s de autoridades y empleados del Museo. Alfredo Pintos, integrante de la Comisi\u00f3n Organizadora de 1987; y la se\u00f1ora Rosario Tavani, nieta de C\u00e9sar Blas P\u00e9rez Colman.<\/p>\n","protected":false},"excerpt":{"rendered":"<p>Fue este viernes con un emotivo encuentro en el edificio de calle Buenos Aires 226. &ldquo;Valoramos el trabajo de preservar y compartir la historia y la identidad de Paran&aacute;&raquo;, dijo la intendenta Rosario Romero. &ldquo;Esta celebraci&oacute;n reconoce las buenas continuidades en las gestiones, porque una vez que empez&oacute; a funcionar el Museo, ning&uacute;n Intendente retrocedi&oacute;&rdquo;, [&hellip;]<\/p>\n","protected":false},"author":2,"featured_media":4511,"comment_status":"open","ping_status":"open","sticky":false,"template":"","format":"standard","meta":{"footnotes":""},"categories":[6,726],"tags":[453,210,1771,1772,265,242],"class_list":["post-4509","post","type-post","status-publish","format-standard","has-post-thumbnail","hentry","category-locales","category-sociedad","tag-david-caceres","tag-municipalidad","tag-museo-de-la-ciudad","tag-nadia-bilat","tag-parana","tag-rosario-romero"],"_links":{"self":[{"href":"https:\/\/partediario.com.ar\/index.php?rest_route=\/wp\/v2\/posts\/4509","targetHints":{"allow":["GET"]}}],"collection":[{"href":"https:\/\/partediario.com.ar\/index.php?rest_route=\/wp\/v2\/posts"}],"about":[{"href":"https:\/\/partediario.com.ar\/index.php?rest_route=\/wp\/v2\/types\/post"}],"author":[{"embeddable":true,"href":"https:\/\/partediario.com.ar\/index.php?rest_route=\/wp\/v2\/users\/2"}],"replies":[{"embeddable":true,"href":"https:\/\/partediario.com.ar\/index.php?rest_route=%2Fwp%2Fv2%2Fcomments&post=4509"}],"version-history":[{"count":1,"href":"https:\/\/partediario.com.ar\/index.php?rest_route=\/wp\/v2\/posts\/4509\/revisions"}],"predecessor-version":[{"id":4512,"href":"https:\/\/partediario.com.ar\/index.php?rest_route=\/wp\/v2\/posts\/4509\/revisions\/4512"}],"wp:featuredmedia":[{"embeddable":true,"href":"https:\/\/partediario.com.ar\/index.php?rest_route=\/wp\/v2\/media\/4511"}],"wp:attachment":[{"href":"https:\/\/partediario.com.ar\/index.php?rest_route=%2Fwp%2Fv2%2Fmedia&parent=4509"}],"wp:term":[{"taxonomy":"category","embeddable":true,"href":"https:\/\/partediario.com.ar\/index.php?rest_route=%2Fwp%2Fv2%2Fcategories&post=4509"},{"taxonomy":"post_tag","embeddable":true,"href":"https:\/\/partediario.com.ar\/index.php?rest_route=%2Fwp%2Fv2%2Ftags&post=4509"}],"curies":[{"name":"wp","href":"https:\/\/api.w.org\/{rel}","templated":true}]}}