{"id":4528,"date":"2024-07-15T11:40:08","date_gmt":"2024-07-15T14:40:08","guid":{"rendered":"https:\/\/partediario.com.ar\/?p=4528"},"modified":"2024-07-15T11:40:09","modified_gmt":"2024-07-15T14:40:09","slug":"la-vicegobernadora-participo-de-la-misa-criolla-en-el-marco-de-los-festejos-del-aniversario-de-nogoya","status":"publish","type":"post","link":"https:\/\/partediario.com.ar\/?p=4528","title":{"rendered":"La vicegobernadora particip\u00f3 de la Misa Criolla en el marco de los festejos del aniversario de Nogoy\u00e1"},"content":{"rendered":"\n<p><strong>La actividad, organizada por la Vicegobernaci\u00f3n de Entre R\u00edos, la Secretar\u00eda de Cultura de la Provincia y la Municipalidad de Nogoy\u00e1, se realiz\u00f3 el domingo en el Teatro Manuel Belgrano de la Sociedad Italiana nogoyaense, en homenaje a la patrona de la localidad y dentro del marco del 242\u00ba aniversario de su fundaci\u00f3n.<\/strong><\/p>\n\n\n\n<p>El espect\u00e1culo fue el inicio de las actividades previstas para la fiesta patronal de la Virgen Nuestra Se\u00f1ora del Carmen y del aniversario de la fundaci\u00f3n de la ciudad, que se celebrar\u00e1n el 16 de julio. Se trata de una conmemoraci\u00f3n muy significativa para la comunidad, tanto que la imagen de la virgen preced\u00eda el escenario donde m\u00fasicos del Ensamble instrumental de la Universidad Aut\u00f3noma de Entre R\u00edos (Uader) e integrantes de los coros Polif\u00f3nico Municipal de Nogoy\u00e1, de la Facultad de Ciencias y Tecnolog\u00edas (Uader), Cantus Firmus y de la Asociaci\u00f3n Verdiana de Paran\u00e1 interpretaron la obra del m\u00fasico Ariel Ram\u00edrez. La direcci\u00f3n estuvo a cargo del maestro Miguel \u00abOtti\u00bb G\u00f3mez y el cierre fue con el p\u00fablico aplaudiendo de pie.<\/p>\n\n\n\n<p>En el inicio, fijado para las 15, se present\u00f3 el m\u00fasico local, Claudio Robaglio, y bailarines de agrupaciones de danzas folcl\u00f3ricas de la ciudad.<\/p>\n\n\n\n<p>Participaron de la presentaci\u00f3n la vicegobernadora, la nogoyaense Alicia Aluani; el secretario de Cultura de Entre R\u00edos, Fabi\u00e1n Reato, y la directora General de Programas Socioculturales de la provincia, Natalia Prado; el intendente Bernardo Schneider y la viceintendente Desir\u00e9 Pe\u00f1aloza, el senador Rafael Cavagna y el presidente del IAPV, Manuel Sch\u00f6nhals, entre otros funcionarios locales y provinciales.<\/p>\n\n\n\n<p>\u00abEste es un momento maravilloso en el que no s\u00f3lo se une la parte c\u00edvica, sino tambi\u00e9n la parte espiritual. Nuestra Se\u00f1ora del Carmen, con su manto, nos protege a todos en estos momentos tan dif\u00edciles que estamos viviendo desde el punto de vista econ\u00f3mico y social\u00bb. En relaci\u00f3n a la gesti\u00f3n provincial, afirm\u00f3 que \u00abes crucial estar donde debemos estar con respecto a gesti\u00f3n. Pronto alcanzaremos un objetivo m\u00e1s firme y com\u00fan, que es garantizar que la gente realmente tenga lo que merece, vivir mejor en el lugar que eligi\u00f3\u00bb. Aluani agradeci\u00f3 y felicit\u00f3 a la comunidad por participar de la actividad.<\/p>\n\n\n\n<p>Por su parte, el secretario de Cultura, Fabi\u00e1n Reato, se refiri\u00f3 a la emoci\u00f3n que genera compartir un festejo tan arraigado en los sentimientos de los nogoyaenses. \u00abSoy de un pueblo cercano, Gobernador Mansilla, que comparte con Nogoy\u00e1 la festividad de la Virgen del Carmen como d\u00eda del pueblo. Siempre me impresion\u00f3 el fervor y el significado con el que se vive esta celebraci\u00f3n, que los convoca y los une en el festejo, donde se conjuga el fervor religioso como tambi\u00e9n el sentido de pertenencia y el amor por el lugar y la tierra. Por eso, cuando empezamos a hablar con la vicegobernadora y el intendente nos pareci\u00f3 que lo m\u00e1s pertinente era hacerlo con este espect\u00e1culo que gusta tanto a todos\u00bb, expres\u00f3.<\/p>\n\n\n\n<p>El intendente de Nogoy\u00e1, Bernardo Schneider, dio la bienvenida a las autoridades y a los artistas y m\u00fasicos que -dijo- son parte de la presentaci\u00f3n y que viajaron hasta Nogoy\u00e1. Tambi\u00e9n, \u00abal Coro Polif\u00f3nico, un orgullo de nuestra ciudad, y a todos los nogoyaenses y vecinos de otras localidades\u00bb.<\/p>\n\n\n\n<p>El espect\u00e1culo fue organizado por la Municipalidad de Nogoy\u00e1, la Vicegobernaci\u00f3n y la Secretar\u00eda de Cultura de Entre R\u00edos. La entrada fue libre y gratuita y convoc\u00f3 a una importante cantidad de vecinos.<\/p>\n\n\n\n<p>La decisi\u00f3n de llevar la obra a la localidad fue acordada entre los organizadores en vista de que se trata de \u00abun espect\u00e1culo \u00fanico, basado en nuestras ra\u00edces folcl\u00f3ricas y reproduce la misa cat\u00f3lica. Nos parec\u00eda que era lo m\u00e1s oportuno para que se disfrutara en Nogoy\u00e1\u00bb, dijo Reato, tras destacar la excelencia de los integrantes del ensamble y coros.<\/p>\n\n\n\n<p>Los m\u00fasicos que integraron el ensamble de Uader fueron Nicol\u00e1s Faes Micheloud (charango), C\u00e9sar Far\u00edas Huenuqueo (guitarra), Mateo David (vientos), Pablo G\u00f3mez (piano), Valent\u00edn Garc\u00eda (contrabajo), Leyl\u00e9n P\u00e9rez Escr\u00f3fine (percusi\u00f3n) y como solista, Francisco Scotta.<\/p>\n\n\n\n<p>La Misa Criolla es una obra musical, de naturaleza religiosa y folcl\u00f3rica, compuesta para solistas, coro y orquesta, por el m\u00fasico Ariel Ram\u00edrez. Fue grabada en 1964 y lanzada un a\u00f1o despu\u00e9s. Es considerada uno de los grandes hitos de la m\u00fasica popular argentina.<\/p>\n","protected":false},"excerpt":{"rendered":"<p>La actividad, organizada por la Vicegobernaci&oacute;n de Entre R&iacute;os, la Secretar&iacute;a de Cultura de la Provincia y la Municipalidad de Nogoy&aacute;, se realiz&oacute; el domingo en el Teatro Manuel Belgrano de la Sociedad Italiana nogoyaense, en homenaje a la patrona de la localidad y dentro del marco del 242&ordm; aniversario de su fundaci&oacute;n. El espect&aacute;culo [&hellip;]<\/p>\n","protected":false},"author":2,"featured_media":4529,"comment_status":"open","ping_status":"open","sticky":false,"template":"","format":"standard","meta":{"footnotes":""},"categories":[8,726],"tags":[944,1784,1782,710,1786,1781,1783,447,1785,600],"class_list":["post-4528","post","type-post","status-publish","format-standard","has-post-thumbnail","hentry","category-provinciales","category-sociedad","tag-alicia-aluani","tag-bernardo-schneider","tag-claudio-robaglio","tag-fabian-reato","tag-manuel-schonhals","tag-misa-criolla","tag-natalia-prado","tag-nogoya","tag-ravael-cavagna","tag-uader"],"_links":{"self":[{"href":"https:\/\/partediario.com.ar\/index.php?rest_route=\/wp\/v2\/posts\/4528","targetHints":{"allow":["GET"]}}],"collection":[{"href":"https:\/\/partediario.com.ar\/index.php?rest_route=\/wp\/v2\/posts"}],"about":[{"href":"https:\/\/partediario.com.ar\/index.php?rest_route=\/wp\/v2\/types\/post"}],"author":[{"embeddable":true,"href":"https:\/\/partediario.com.ar\/index.php?rest_route=\/wp\/v2\/users\/2"}],"replies":[{"embeddable":true,"href":"https:\/\/partediario.com.ar\/index.php?rest_route=%2Fwp%2Fv2%2Fcomments&post=4528"}],"version-history":[{"count":1,"href":"https:\/\/partediario.com.ar\/index.php?rest_route=\/wp\/v2\/posts\/4528\/revisions"}],"predecessor-version":[{"id":4530,"href":"https:\/\/partediario.com.ar\/index.php?rest_route=\/wp\/v2\/posts\/4528\/revisions\/4530"}],"wp:featuredmedia":[{"embeddable":true,"href":"https:\/\/partediario.com.ar\/index.php?rest_route=\/wp\/v2\/media\/4529"}],"wp:attachment":[{"href":"https:\/\/partediario.com.ar\/index.php?rest_route=%2Fwp%2Fv2%2Fmedia&parent=4528"}],"wp:term":[{"taxonomy":"category","embeddable":true,"href":"https:\/\/partediario.com.ar\/index.php?rest_route=%2Fwp%2Fv2%2Fcategories&post=4528"},{"taxonomy":"post_tag","embeddable":true,"href":"https:\/\/partediario.com.ar\/index.php?rest_route=%2Fwp%2Fv2%2Ftags&post=4528"}],"curies":[{"name":"wp","href":"https:\/\/api.w.org\/{rel}","templated":true}]}}