{"id":4534,"date":"2024-07-15T11:57:12","date_gmt":"2024-07-15T14:57:12","guid":{"rendered":"https:\/\/partediario.com.ar\/?p=4534"},"modified":"2024-07-15T11:57:14","modified_gmt":"2024-07-15T14:57:14","slug":"el-consejo-general-de-educacion-participo-de-la-mesa-federal-de-formacion-docente","status":"publish","type":"post","link":"https:\/\/partediario.com.ar\/?p=4534","title":{"rendered":"El Consejo General de Educaci\u00f3n particip\u00f3 de la Mesa Federal de Formaci\u00f3n Docente"},"content":{"rendered":"\n<p><strong>El Consejo General de Educaci\u00f3n (CGE) estuvo presente en la primera reuni\u00f3n presencial del a\u00f1o de la Mesa Federal en Buenos Aires, centrada en los nuevos lineamientos curriculares para la formaci\u00f3n docente inicial.<\/strong><\/p>\n\n\n\n<p>La mesa convocada por la Secretar\u00eda de Educaci\u00f3n de la Naci\u00f3n, cont\u00f3 con la participaci\u00f3n de directores de Educaci\u00f3n Superior de las 24 jurisdicciones del pa\u00eds, junto a autoridades nacionales y al equipo t\u00e9cnico del INFoD. Entre R\u00edos estuvo representado por su director de Educaci\u00f3n Superior, N\u00e9stor Blanco.<\/p>\n\n\n\n<p>El foco principal de la reuni\u00f3n fue la discusi\u00f3n sobre los nuevos Lineamientos Curriculares para la Formaci\u00f3n Docente Inicial.<\/p>\n\n\n\n<p>Durante las jornadas de trabajo realizadas en el Sal\u00f3n Rosario Vera Pe\u00f1aloza del Palacio Sarmiento, se revisaron los documentos preliminares provenientes de las Mesas Federales de los a\u00f1os 2022 y 2023.<\/p>\n\n\n\n<p><\/p>\n\n\n\n<figure class=\"wp-block-image size-large\"><img loading=\"lazy\" decoding=\"async\" width=\"1024\" height=\"683\" src=\"https:\/\/partediario.com.ar\/wp-content\/uploads\/cge-2-1024x683.png\" alt=\"\" class=\"wp-image-4535\" srcset=\"https:\/\/partediario.com.ar\/wp-content\/uploads\/cge-2-1024x683.png 1024w, https:\/\/partediario.com.ar\/wp-content\/uploads\/cge-2-300x200.png 300w, https:\/\/partediario.com.ar\/wp-content\/uploads\/cge-2-768x512.png 768w, https:\/\/partediario.com.ar\/wp-content\/uploads\/cge-2.png 1440w\" sizes=\"auto, (max-width: 1024px) 100vw, 1024px\" \/><\/figure>\n\n\n\n<p><\/p>\n\n\n\n<p>Los objetivos centrales de esta Mesa Federal incluyeron la revisi\u00f3n participativa de la Resoluci\u00f3n CFE 24\/2007, la presentaci\u00f3n de los lineamientos para proyectos de mejora institucional, y la propuesta del Sistema Federal Integrado de Evaluaci\u00f3n, Certificaci\u00f3n y Acreditaci\u00f3n de la formaci\u00f3n docente (SiFIECA).<\/p>\n\n\n\n<p>\u00abEstamos muy satisfechos con los avances alcanzados, especialmente los lineamientos relacionados con la educaci\u00f3n a distancia, el sistema de cr\u00e9ditos y la evaluaci\u00f3n institucional\u00bb, destac\u00f3 el director de Educaci\u00f3n Superior del CGE, N\u00e9stor Blanco, y agreg\u00f3: \u00abEstamos conformes con el resultado de este encuentro, en vistas de mejorar la calidad educativa en el sector superior\u00bb.<\/p>\n\n\n\n<p>La Mesa Federal marca un paso significativo hacia la construcci\u00f3n colectiva de pol\u00edticas que fortalezcan la formaci\u00f3n docente en todo el pa\u00eds, promoviendo un espacio de di\u00e1logo y colaboraci\u00f3n entre las distintas jurisdicciones y el gobierno nacional.<\/p>\n","protected":false},"excerpt":{"rendered":"<p>El Consejo General de Educaci&oacute;n (CGE) estuvo presente en la primera reuni&oacute;n presencial del a&ntilde;o de la Mesa Federal en Buenos Aires, centrada en los nuevos lineamientos curriculares para la formaci&oacute;n docente inicial. La mesa convocada por la Secretar&iacute;a de Educaci&oacute;n de la Naci&oacute;n, cont&oacute; con la participaci&oacute;n de directores de Educaci&oacute;n Superior de las [&hellip;]<\/p>\n","protected":false},"author":2,"featured_media":4536,"comment_status":"open","ping_status":"open","sticky":false,"template":"","format":"standard","meta":{"footnotes":""},"categories":[726],"tags":[721,494,1788,1789],"class_list":["post-4534","post","type-post","status-publish","format-standard","has-post-thumbnail","hentry","category-sociedad","tag-buenos-aires","tag-cge","tag-mesa-federal","tag-nestor-blanco"],"_links":{"self":[{"href":"https:\/\/partediario.com.ar\/index.php?rest_route=\/wp\/v2\/posts\/4534","targetHints":{"allow":["GET"]}}],"collection":[{"href":"https:\/\/partediario.com.ar\/index.php?rest_route=\/wp\/v2\/posts"}],"about":[{"href":"https:\/\/partediario.com.ar\/index.php?rest_route=\/wp\/v2\/types\/post"}],"author":[{"embeddable":true,"href":"https:\/\/partediario.com.ar\/index.php?rest_route=\/wp\/v2\/users\/2"}],"replies":[{"embeddable":true,"href":"https:\/\/partediario.com.ar\/index.php?rest_route=%2Fwp%2Fv2%2Fcomments&post=4534"}],"version-history":[{"count":1,"href":"https:\/\/partediario.com.ar\/index.php?rest_route=\/wp\/v2\/posts\/4534\/revisions"}],"predecessor-version":[{"id":4537,"href":"https:\/\/partediario.com.ar\/index.php?rest_route=\/wp\/v2\/posts\/4534\/revisions\/4537"}],"wp:featuredmedia":[{"embeddable":true,"href":"https:\/\/partediario.com.ar\/index.php?rest_route=\/wp\/v2\/media\/4536"}],"wp:attachment":[{"href":"https:\/\/partediario.com.ar\/index.php?rest_route=%2Fwp%2Fv2%2Fmedia&parent=4534"}],"wp:term":[{"taxonomy":"category","embeddable":true,"href":"https:\/\/partediario.com.ar\/index.php?rest_route=%2Fwp%2Fv2%2Fcategories&post=4534"},{"taxonomy":"post_tag","embeddable":true,"href":"https:\/\/partediario.com.ar\/index.php?rest_route=%2Fwp%2Fv2%2Ftags&post=4534"}],"curies":[{"name":"wp","href":"https:\/\/api.w.org\/{rel}","templated":true}]}}