{"id":4559,"date":"2024-07-15T20:21:28","date_gmt":"2024-07-15T23:21:28","guid":{"rendered":"https:\/\/partediario.com.ar\/?p=4559"},"modified":"2024-07-15T20:21:29","modified_gmt":"2024-07-15T23:21:29","slug":"fallecio-el-primer-abogado-de-la-mama-de-loan-pena","status":"publish","type":"post","link":"https:\/\/partediario.com.ar\/?p=4559","title":{"rendered":"Falleci\u00f3 el primer abogado de la mam\u00e1 de Loan Pe\u00f1a"},"content":{"rendered":"\n<h3 class=\"wp-block-heading\">El abogado N\u00e9stor Luque, el primero que represent\u00f3 a la mam\u00e1 de Loan, falleci\u00f3 este lunes en Corrientes. Investigan una posible muerte s\u00fabita.<\/h3>\n\n\n\n<p>El abogado N\u00e9stor Luque, el primero que represent\u00f3 a la mam\u00e1 de Loan, falleci\u00f3 este lunes en Corrientes. El letrado, que se hab\u00eda desempe\u00f1ado en el principio de la causa, fue encontrado sin vida por un familiar.<\/p>\n\n\n\n<p>\u201cN\u00e9stor Luque, el primer abogado de la mam\u00e1 de Loan. Tom\u00f3 la causa cuando comenz\u00f3, ya que cada uno de los padres ten\u00eda un letrado porque contaban con ideas diferentes sobre lo que podr\u00eda haber sucedido con el ni\u00f1o\u201d.<\/p>\n\n\n\n<p>Medios de comunicaci\u00f3n locales precisaron que los primeros datos del deceso del exrepresentante de Mar\u00eda Noguera: \u201cFue encontrado muerto. No ten\u00eda antecedentes card\u00edacos, pero dijeron que fue una muerte s\u00fabita. La muerte del letrado se encuentra bajo investigaci\u00f3n\u201d.<\/p>\n\n\n\n<p>\u201cLos m\u00e9dicos van a hacer la autopsia para saber los causales de la muerte\u201d, destac\u00f3 el especialista en asuntos policiales y remarc\u00f3 que \u201csi algo le faltaba a esta causa, era tener una tr\u00e1gica noticia\u201d.<\/p>\n","protected":false},"excerpt":{"rendered":"<p>El abogado N&eacute;stor Luque, el primero que represent&oacute; a la mam&aacute; de Loan, falleci&oacute; este lunes en Corrientes. Investigan una posible muerte s&uacute;bita. El abogado N&eacute;stor Luque, el primero que represent&oacute; a la mam&aacute; de Loan, falleci&oacute; este lunes en Corrientes. El letrado, que se hab&iacute;a desempe&ntilde;ado en el principio de la causa, fue encontrado [&hellip;]<\/p>\n","protected":false},"author":2,"featured_media":4560,"comment_status":"open","ping_status":"open","sticky":false,"template":"","format":"standard","meta":{"footnotes":""},"categories":[979,5,7],"tags":[448,1024,489,1799],"class_list":["post-4559","post","type-post","status-publish","format-standard","has-post-thumbnail","hentry","category-judiciales","category-nacionales","category-policiales","tag-corrientes","tag-fallecimiento","tag-loan-danilo-pena","tag-nestor-luque"],"_links":{"self":[{"href":"https:\/\/partediario.com.ar\/index.php?rest_route=\/wp\/v2\/posts\/4559","targetHints":{"allow":["GET"]}}],"collection":[{"href":"https:\/\/partediario.com.ar\/index.php?rest_route=\/wp\/v2\/posts"}],"about":[{"href":"https:\/\/partediario.com.ar\/index.php?rest_route=\/wp\/v2\/types\/post"}],"author":[{"embeddable":true,"href":"https:\/\/partediario.com.ar\/index.php?rest_route=\/wp\/v2\/users\/2"}],"replies":[{"embeddable":true,"href":"https:\/\/partediario.com.ar\/index.php?rest_route=%2Fwp%2Fv2%2Fcomments&post=4559"}],"version-history":[{"count":1,"href":"https:\/\/partediario.com.ar\/index.php?rest_route=\/wp\/v2\/posts\/4559\/revisions"}],"predecessor-version":[{"id":4561,"href":"https:\/\/partediario.com.ar\/index.php?rest_route=\/wp\/v2\/posts\/4559\/revisions\/4561"}],"wp:featuredmedia":[{"embeddable":true,"href":"https:\/\/partediario.com.ar\/index.php?rest_route=\/wp\/v2\/media\/4560"}],"wp:attachment":[{"href":"https:\/\/partediario.com.ar\/index.php?rest_route=%2Fwp%2Fv2%2Fmedia&parent=4559"}],"wp:term":[{"taxonomy":"category","embeddable":true,"href":"https:\/\/partediario.com.ar\/index.php?rest_route=%2Fwp%2Fv2%2Fcategories&post=4559"},{"taxonomy":"post_tag","embeddable":true,"href":"https:\/\/partediario.com.ar\/index.php?rest_route=%2Fwp%2Fv2%2Ftags&post=4559"}],"curies":[{"name":"wp","href":"https:\/\/api.w.org\/{rel}","templated":true}]}}