{"id":4595,"date":"2024-07-16T17:19:29","date_gmt":"2024-07-16T20:19:29","guid":{"rendered":"https:\/\/partediario.com.ar\/?p=4595"},"modified":"2024-07-16T17:19:30","modified_gmt":"2024-07-16T20:19:30","slug":"rige-en-concordia-rige-la-exencion-del-pago-de-la-tasa-general-inmobiliaria-para-jubilados-y-pensionados","status":"publish","type":"post","link":"https:\/\/partediario.com.ar\/?p=4595","title":{"rendered":"Rige en Concordia: rige la exenci\u00f3n del pago de la Tasa General Inmobiliaria para jubilados y pensionados"},"content":{"rendered":"\n<p><strong>A partir de un proyecto presentado por la Secretar\u00eda de Hacienda, el Concejo Deliberante aprob\u00f3 modificaciones en el otorgamiento de exenciones de Tasa General Inmobiliaria para jubilados y pensionados.<\/strong><\/p>\n\n\n\n<p>La Ordenanza N\u00ba 38.355 modific\u00f3 el primer art\u00edculo de la Ordenanza N\u00ba 32.323, la cual dispone los requisitos que se deben cumplir para acceder a la exenci\u00f3n de la Tasa para jubilados y pensionados de todos los reg\u00edmenes previsionales.<\/p>\n\n\n\n<p>Con esta \u00faltima modificaci\u00f3n, los jubilados y pensionados que sean titulares de una \u00fanica vivienda y su aval\u00fao sea igual o inferior a $4.330.449, podr\u00e1n solicitar la exenci\u00f3n. Esta actualizaci\u00f3n solicitada por la Secretaria de Hacienda, permite el acceso a un mayor n\u00famero de contribuyentes, para que puedan acceder al beneficio y a aquellos que ya lo gozaban, puedan conservarlo.<\/p>\n\n\n\n<p>Cabe se\u00f1alar que se otorgar\u00e1 la exenci\u00f3n del 100% para aquellos contribuyentes cuyos ingresos m\u00e1ximos del grupo familiar sumen el equivalente a 1 (uno) haber jubilatorio m\u00ednimo o del 50% si dichos ingresos no superan el equivalente a 1 \u00bd (uno y medio) haber jubilatorio m\u00ednimo.<\/p>\n\n\n\n<p>Para mayor informaci\u00f3n sobre la exenci\u00f3n puede hacerlo en las oficinas de la Direcci\u00f3n de Rentas Municipal ubicadas en el Centro C\u00edvico (Mitre y Pellegrini), de lunes a viernes, de 7 a 13.<\/p>\n","protected":false},"excerpt":{"rendered":"<p>A partir de un proyecto presentado por la Secretar&iacute;a de Hacienda, el Concejo Deliberante aprob&oacute; modificaciones en el otorgamiento de exenciones de Tasa General Inmobiliaria para jubilados y pensionados. La Ordenanza N&ordm; 38.355 modific&oacute; el primer art&iacute;culo de la Ordenanza N&ordm; 32.323, la cual dispone los requisitos que se deben cumplir para acceder a la [&hellip;]<\/p>\n","protected":false},"author":2,"featured_media":4596,"comment_status":"open","ping_status":"open","sticky":false,"template":"","format":"standard","meta":{"footnotes":""},"categories":[8,726],"tags":[398,1819,1820,1823,1822,1818],"class_list":["post-4595","post","type-post","status-publish","format-standard","has-post-thumbnail","hentry","category-provinciales","category-sociedad","tag-concordia","tag-exencion","tag-general","tag-inmobiliario","tag-pensionados","tag-tasa"],"_links":{"self":[{"href":"https:\/\/partediario.com.ar\/index.php?rest_route=\/wp\/v2\/posts\/4595","targetHints":{"allow":["GET"]}}],"collection":[{"href":"https:\/\/partediario.com.ar\/index.php?rest_route=\/wp\/v2\/posts"}],"about":[{"href":"https:\/\/partediario.com.ar\/index.php?rest_route=\/wp\/v2\/types\/post"}],"author":[{"embeddable":true,"href":"https:\/\/partediario.com.ar\/index.php?rest_route=\/wp\/v2\/users\/2"}],"replies":[{"embeddable":true,"href":"https:\/\/partediario.com.ar\/index.php?rest_route=%2Fwp%2Fv2%2Fcomments&post=4595"}],"version-history":[{"count":1,"href":"https:\/\/partediario.com.ar\/index.php?rest_route=\/wp\/v2\/posts\/4595\/revisions"}],"predecessor-version":[{"id":4597,"href":"https:\/\/partediario.com.ar\/index.php?rest_route=\/wp\/v2\/posts\/4595\/revisions\/4597"}],"wp:featuredmedia":[{"embeddable":true,"href":"https:\/\/partediario.com.ar\/index.php?rest_route=\/wp\/v2\/media\/4596"}],"wp:attachment":[{"href":"https:\/\/partediario.com.ar\/index.php?rest_route=%2Fwp%2Fv2%2Fmedia&parent=4595"}],"wp:term":[{"taxonomy":"category","embeddable":true,"href":"https:\/\/partediario.com.ar\/index.php?rest_route=%2Fwp%2Fv2%2Fcategories&post=4595"},{"taxonomy":"post_tag","embeddable":true,"href":"https:\/\/partediario.com.ar\/index.php?rest_route=%2Fwp%2Fv2%2Ftags&post=4595"}],"curies":[{"name":"wp","href":"https:\/\/api.w.org\/{rel}","templated":true}]}}