{"id":4601,"date":"2024-07-17T09:49:46","date_gmt":"2024-07-17T12:49:46","guid":{"rendered":"https:\/\/partediario.com.ar\/?p=4601"},"modified":"2024-07-17T10:34:17","modified_gmt":"2024-07-17T13:34:17","slug":"clima-en-entre-rios-comienzan-a-subir-las-marcas-termicas","status":"publish","type":"post","link":"https:\/\/partediario.com.ar\/?p=4601","title":{"rendered":"Clima en Entre R\u00edos: comienzan a subir las marcas t\u00e9rmicas"},"content":{"rendered":"\n<p><strong>El pron\u00f3stico anticipa un d\u00eda templado en todo el territorio de la provincia<\/strong> <strong>y regi\u00f3n. Llegar\u00edan las lluvias durante el fin de semana.<\/strong><\/p>\n\n\n\n<p>El Servicio Meteorol\u00f3gico Nacional (SMN) informa que este mi\u00e9rcoles 17 de julio se presentar\u00e1 nublado y con un leve aumento de temperaturas en Entre R\u00edos. La ola polar cesa en la regi\u00f3n centro y norte de Argentina y, tanto las m\u00e1ximas como las m\u00ednimas, comenzar\u00edan a subir de cara al fin de semana donde podr\u00edan llegar las lluvias.<\/p>\n\n\n\n<p><strong>As\u00ed estar\u00e1 el tiempo en Entre R\u00edos este mi\u00e9rcoles<\/strong><\/p>\n\n\n\n<p>En Paran\u00e1, La Paz, Villaguay, Diamante y Nogoy\u00e1 la m\u00ednima ser\u00e1 de 9 grados y la m\u00e1xima alcanzar\u00e1 los 18 grados. En la capital y alrededores se espera una jornada parcialmente nublada.<\/p>\n\n\n\n<p><\/p>\n\n\n\n<figure class=\"wp-block-image size-full\"><img loading=\"lazy\" decoding=\"async\" width=\"633\" height=\"462\" src=\"https:\/\/partediario.com.ar\/wp-content\/uploads\/scrnli_17_7_2024_9-44-19-1.png\" alt=\"\" class=\"wp-image-4602\" srcset=\"https:\/\/partediario.com.ar\/wp-content\/uploads\/scrnli_17_7_2024_9-44-19-1.png 633w, https:\/\/partediario.com.ar\/wp-content\/uploads\/scrnli_17_7_2024_9-44-19-1-300x219.png 300w\" sizes=\"auto, (max-width: 633px) 100vw, 633px\" \/><\/figure>\n\n\n\n<p><\/p>\n\n\n\n<p>Mientras que en Concordia, Federal, Feliciano, Federaci\u00f3n y San Salvador, en tanto, se espera una m\u00ednima de 10 grados y una m\u00e1xima de 18 grados. All\u00ed tambi\u00e9n se prev\u00e9 una jornada algo nublada.<\/p>\n\n\n\n<p><\/p>\n\n\n\n<figure class=\"wp-block-image size-full\"><img loading=\"lazy\" decoding=\"async\" width=\"639\" height=\"466\" src=\"https:\/\/partediario.com.ar\/wp-content\/uploads\/scrnli_17_7_2024_9-44-48.png\" alt=\"\" class=\"wp-image-4603\" srcset=\"https:\/\/partediario.com.ar\/wp-content\/uploads\/scrnli_17_7_2024_9-44-48.png 639w, https:\/\/partediario.com.ar\/wp-content\/uploads\/scrnli_17_7_2024_9-44-48-300x219.png 300w\" sizes=\"auto, (max-width: 639px) 100vw, 639px\" \/><\/figure>\n\n\n\n<p><\/p>\n\n\n\n<p>En Gualeguaych\u00fa, Col\u00f3n, Uruguay, Tala e Islas, por \u00faltimo, se aguarda una m\u00ednima de 8 grados y una m\u00e1xima de 18 grados. Al igual que en las localidades mencionadas anteriormente se espera un d\u00eda algo nublado.<\/p>\n","protected":false},"excerpt":{"rendered":"<p>El pron&oacute;stico anticipa un d&iacute;a templado en todo el territorio de la provincia y regi&oacute;n. Llegar&iacute;an las lluvias durante el fin de semana. El Servicio Meteorol&oacute;gico Nacional (SMN) informa que este mi&eacute;rcoles 17 de julio se presentar&aacute; nublado y con un leve aumento de temperaturas en Entre R&iacute;os. La ola polar cesa en la regi&oacute;n [&hellip;]<\/p>\n","protected":false},"author":2,"featured_media":4604,"comment_status":"open","ping_status":"open","sticky":false,"template":"","format":"standard","meta":{"footnotes":""},"categories":[8,726],"tags":[267,257],"class_list":["post-4601","post","type-post","status-publish","format-standard","has-post-thumbnail","hentry","category-provinciales","category-sociedad","tag-clima","tag-entre-rios"],"_links":{"self":[{"href":"https:\/\/partediario.com.ar\/index.php?rest_route=\/wp\/v2\/posts\/4601","targetHints":{"allow":["GET"]}}],"collection":[{"href":"https:\/\/partediario.com.ar\/index.php?rest_route=\/wp\/v2\/posts"}],"about":[{"href":"https:\/\/partediario.com.ar\/index.php?rest_route=\/wp\/v2\/types\/post"}],"author":[{"embeddable":true,"href":"https:\/\/partediario.com.ar\/index.php?rest_route=\/wp\/v2\/users\/2"}],"replies":[{"embeddable":true,"href":"https:\/\/partediario.com.ar\/index.php?rest_route=%2Fwp%2Fv2%2Fcomments&post=4601"}],"version-history":[{"count":2,"href":"https:\/\/partediario.com.ar\/index.php?rest_route=\/wp\/v2\/posts\/4601\/revisions"}],"predecessor-version":[{"id":4606,"href":"https:\/\/partediario.com.ar\/index.php?rest_route=\/wp\/v2\/posts\/4601\/revisions\/4606"}],"wp:featuredmedia":[{"embeddable":true,"href":"https:\/\/partediario.com.ar\/index.php?rest_route=\/wp\/v2\/media\/4604"}],"wp:attachment":[{"href":"https:\/\/partediario.com.ar\/index.php?rest_route=%2Fwp%2Fv2%2Fmedia&parent=4601"}],"wp:term":[{"taxonomy":"category","embeddable":true,"href":"https:\/\/partediario.com.ar\/index.php?rest_route=%2Fwp%2Fv2%2Fcategories&post=4601"},{"taxonomy":"post_tag","embeddable":true,"href":"https:\/\/partediario.com.ar\/index.php?rest_route=%2Fwp%2Fv2%2Ftags&post=4601"}],"curies":[{"name":"wp","href":"https:\/\/api.w.org\/{rel}","templated":true}]}}