{"id":4619,"date":"2024-07-17T11:12:46","date_gmt":"2024-07-17T14:12:46","guid":{"rendered":"https:\/\/partediario.com.ar\/?p=4619"},"modified":"2024-07-17T11:12:48","modified_gmt":"2024-07-17T14:12:48","slug":"hijo-insisti-con-que-te-lleven-a-casa-desgarrador-mensaje-de-la-mama-de-loan-en-la-marcha","status":"publish","type":"post","link":"https:\/\/partediario.com.ar\/?p=4619","title":{"rendered":"\u201cHijo, insist\u00ed con que te lleven a casa\u201d, desgarrador mensaje de la mam\u00e1 de Loan en la marcha"},"content":{"rendered":"\n<p><strong>Mar\u00eda Noguera, madre de Loan, fue parte de una nueva marcha multitudinaria en las calles de 9 de Julio, en reclamo de justicia, por la aparici\u00f3n del nene desaparecido desde el 13 de junio, en la localidad de 9 de Julio, Corrientes. \u00abQuiero que me lo devuelvan lo antes posible\u00bb, pidi\u00f3.<\/strong><\/p>\n\n\n\n<p>Una multitud march\u00f3 nuevamente por las calles de la localidad correntina de 9 de Julio para reclamar por la aparici\u00f3n con vida de Loan, el nene de 5 a\u00f1os de quien a\u00fan se desconoce su paradero a 33 d\u00edas de su desaparici\u00f3n. \u00abQuiero que me lo devuelvan lo antes posible\u00bb, dijo la madre del ni\u00f1o.<\/p>\n\n\n\n<p>\u00abQuiero que me traigan a Loan, por favor\u00bb, pidi\u00f3 Mar\u00eda Noguera mientras marchaba junto a su marido, Jos\u00e9 Pe\u00f1a, sosteniendo un cartel con la leyenda \u00abJusticia por Loan\u00bb y una imagen del peque\u00f1o en el d\u00eda de su cumplea\u00f1os.<\/p>\n\n\n\n<p>Tambi\u00e9n pidi\u00f3 que los detenidos, entre ellos familiares del nene desaparecido, revelen informaci\u00f3n ante la Justicia sobre \u00abqu\u00e9 hicieron con Loan y en d\u00f3nde est\u00e1\u00bb.<\/p>\n\n\n\n<p>\u00abTe estamos esperando, hijo. Te extra\u00f1amos todos, tus hermanos y tus pap\u00e1s. Ped\u00ed que te traigan\u00bb, dijo Mar\u00eda visiblemente angustiada, en una nueva marcha convocada por los familiares de Loan. Adem\u00e1s pidi\u00f3 que los presuntos captores devuelvan a Loan \u00abvivo como se lo llevaron, as\u00ed lo queremos\u00bb.<\/p>\n\n\n\n<p>\u00abQuiero saber algo de Loan esto ya no se puede esperar m\u00e1s\u00bb, manifest\u00f3 la mam\u00e1 de Loan a 33 d\u00edas de la desaparici\u00f3n, cuando el pasado 13 de junio se lo vio por \u00faltima vez yendo a buscar naranjas junto a familiares en el paraje El Algarrobal.<\/p>\n\n\n\n<p><\/p>\n\n\n\n<figure class=\"wp-block-image size-full\"><img loading=\"lazy\" decoding=\"async\" width=\"800\" height=\"450\" src=\"https:\/\/partediario.com.ar\/wp-content\/uploads\/o_1721215847.jpg\" alt=\"\" class=\"wp-image-4620\" srcset=\"https:\/\/partediario.com.ar\/wp-content\/uploads\/o_1721215847.jpg 800w, https:\/\/partediario.com.ar\/wp-content\/uploads\/o_1721215847-300x169.jpg 300w, https:\/\/partediario.com.ar\/wp-content\/uploads\/o_1721215847-768x432.jpg 768w\" sizes=\"auto, (max-width: 800px) 100vw, 800px\" \/><\/figure>\n\n\n\n<p><\/p>\n\n\n\n<p>Sobre la convocatoria de este martes, Mar\u00eda agradeci\u00f3 el cari\u00f1o brindado por \u00ablos vecinos y gente de todos lados me dan fuerza con su apoyo\u00bb. En ese sentido, agreg\u00f3: \u00abNosotros no vamos a parar, vamos a seguir con la marcha hasta que encontremos a Loan\u00bb.<\/p>\n\n\n\n<p>Consultada acerca de la detenida Laudelina Pe\u00f1a, t\u00eda de Loan, Mar\u00eda pidi\u00f3 \u00abque diga algo, que hable, qu\u00e9 se hizo con Loan, quien lo llev\u00f3 y donde est\u00e1\u00bb, y que tenga compasi\u00f3n sobre la desesperaci\u00f3n suya ya que \u00abella tambi\u00e9n tiene hijos\u00bb.<\/p>\n\n\n\n<p>Al finalizar, Mar\u00eda le dej\u00f3 un mensaje a Loan: \u00abHijo, insist\u00ed con que te traigan cerca de tu mam\u00e1, de tu pap\u00e1 y tus hermanos, con que te lleven a casa\u00bb.<\/p>\n\n\n\n<p>Adem\u00e1s de Laudelina, la causa tiene siete detenidos: Mar\u00eda Victoria Caillava y su esposo Carlos P\u00e9rez; Bernardino Antonio Ben\u00edtez, Daniel Oscar Ram\u00edrez y su pareja M\u00f3nica del Carmen Millapi; y Walter Maciel.<\/p>\n\n\n\n<p>Pos ahora, los siete detenidos est\u00e1n acusados por la sustracci\u00f3n del nene de 5 a\u00f1os en calidad de coautores, y seg\u00fan el art\u00edculo 146 del C\u00f3digo Penal, las penas son entre 5 y 15 a\u00f1os de prisi\u00f3n a quien sustrajere a un menor de 10 a\u00f1os del poder de sus padres, tutor o persona encargada de \u00e9l, y el que lo retuviere u ocultare.<\/p>\n","protected":false},"excerpt":{"rendered":"<p>Mar&iacute;a Noguera, madre de Loan, fue parte de una nueva marcha multitudinaria en las calles de 9 de Julio, en reclamo de justicia, por la aparici&oacute;n del nene desaparecido desde el 13 de junio, en la localidad de 9 de Julio, Corrientes. &laquo;Quiero que me lo devuelvan lo antes posible&raquo;, pidi&oacute;. Una multitud march&oacute; nuevamente [&hellip;]<\/p>\n","protected":false},"author":2,"featured_media":4621,"comment_status":"open","ping_status":"open","sticky":false,"template":"","format":"standard","meta":{"footnotes":""},"categories":[979,5,7],"tags":[787,448,489,971],"class_list":["post-4619","post","type-post","status-publish","format-standard","has-post-thumbnail","hentry","category-judiciales","category-nacionales","category-policiales","tag-9-de-julio","tag-corrientes","tag-loan-danilo-pena","tag-marcha"],"_links":{"self":[{"href":"https:\/\/partediario.com.ar\/index.php?rest_route=\/wp\/v2\/posts\/4619","targetHints":{"allow":["GET"]}}],"collection":[{"href":"https:\/\/partediario.com.ar\/index.php?rest_route=\/wp\/v2\/posts"}],"about":[{"href":"https:\/\/partediario.com.ar\/index.php?rest_route=\/wp\/v2\/types\/post"}],"author":[{"embeddable":true,"href":"https:\/\/partediario.com.ar\/index.php?rest_route=\/wp\/v2\/users\/2"}],"replies":[{"embeddable":true,"href":"https:\/\/partediario.com.ar\/index.php?rest_route=%2Fwp%2Fv2%2Fcomments&post=4619"}],"version-history":[{"count":1,"href":"https:\/\/partediario.com.ar\/index.php?rest_route=\/wp\/v2\/posts\/4619\/revisions"}],"predecessor-version":[{"id":4622,"href":"https:\/\/partediario.com.ar\/index.php?rest_route=\/wp\/v2\/posts\/4619\/revisions\/4622"}],"wp:featuredmedia":[{"embeddable":true,"href":"https:\/\/partediario.com.ar\/index.php?rest_route=\/wp\/v2\/media\/4621"}],"wp:attachment":[{"href":"https:\/\/partediario.com.ar\/index.php?rest_route=%2Fwp%2Fv2%2Fmedia&parent=4619"}],"wp:term":[{"taxonomy":"category","embeddable":true,"href":"https:\/\/partediario.com.ar\/index.php?rest_route=%2Fwp%2Fv2%2Fcategories&post=4619"},{"taxonomy":"post_tag","embeddable":true,"href":"https:\/\/partediario.com.ar\/index.php?rest_route=%2Fwp%2Fv2%2Ftags&post=4619"}],"curies":[{"name":"wp","href":"https:\/\/api.w.org\/{rel}","templated":true}]}}