{"id":4659,"date":"2024-07-17T18:43:24","date_gmt":"2024-07-17T21:43:24","guid":{"rendered":"https:\/\/partediario.com.ar\/?p=4659"},"modified":"2024-07-17T18:43:26","modified_gmt":"2024-07-17T21:43:26","slug":"javier-milei-mantuvo-una-reunion-con-lacalle-pou-en-la-casa-rosada","status":"publish","type":"post","link":"https:\/\/partediario.com.ar\/?p=4659","title":{"rendered":"Javier Milei mantuvo una reuni\u00f3n con Lacalle Pou en la Casa Rosada"},"content":{"rendered":"\n<p><strong>El presidente uruguayo arrib\u00f3 a la sede gubernamental poco despu\u00e9s de las 16 y dialog\u00f3 con el presidente argentino por m\u00e1s de una hora.<\/strong><\/p>\n\n\n\n<p>El presidente de la Naci\u00f3n, Javier Milei se reuni\u00f3 este mi\u00e9rcoles poco despu\u00e9s de las 16, con Luis Lacalle Pou, el encuentro se extendi\u00f3 por una hora y se llev\u00f3 a cabo en Casa Rosada, con quien repas\u00f3 temas de la agenda bilateral<br><br>Este encuentro se dio luego del malestar que gener\u00f3 entre los presidentes de la regi\u00f3n la ausencia del presidente argentino, en la reciente cumbre del bloque en Asunci\u00f3n, motivada por las diferencias ideol\u00f3gicas con el mandatario brasile\u00f1o, Luis Ignacio \u00abLula\u00bb Da Silva. <br><br>Luego del encuentro, ambos mandatarios participan desde las 18, tambi\u00e9n con la presencia del mandatario paraguayo, Santiago Pe\u00f1a, de una conferencia internacional sobre seguridad y antiterrorismo, organizada por el Congreso Jud\u00edo Mundial y el Congreso Jud\u00edo Latinoamericano.<br><br>All\u00ed Milei har\u00e1 una bilateral con Pe\u00f1a, y seg\u00fan se inform\u00f3 se lleva a cabo en un hotel del barrio porte\u00f1o de Puerto Madero.<br><br>Cabe se\u00f1alar que previo a la reuni\u00f3n con Lacalle Pou, el mandatario argentino recibi\u00f3 en el Sal\u00f3n Blanco de la Rosada las Cartas Credenciales de la Embajadora de Paraguay en Buenos Aires, Helena Felip.<br><br>Noticia en desarrollo<\/p>\n","protected":false},"excerpt":{"rendered":"<p>El presidente uruguayo arrib&oacute; a la sede gubernamental poco despu&eacute;s de las 16 y dialog&oacute; con el presidente argentino por m&aacute;s de una hora. El presidente de la Naci&oacute;n, Javier Milei se reuni&oacute; este mi&eacute;rcoles poco despu&eacute;s de las 16, con Luis Lacalle Pou, el encuentro se extendi&oacute; por una hora y se llev&oacute; a [&hellip;]<\/p>\n","protected":false},"author":2,"featured_media":4660,"comment_status":"open","ping_status":"open","sticky":false,"template":"","format":"standard","meta":{"footnotes":""},"categories":[5,176],"tags":[1853,232,1854,1602,373],"class_list":["post-4659","post","type-post","status-publish","format-standard","has-post-thumbnail","hentry","category-nacionales","category-politica","tag-casa-rosada","tag-javier-milei","tag-luis-ignacio-lula-da-silva","tag-luis-lacalle-pou","tag-reunion"],"_links":{"self":[{"href":"https:\/\/partediario.com.ar\/index.php?rest_route=\/wp\/v2\/posts\/4659","targetHints":{"allow":["GET"]}}],"collection":[{"href":"https:\/\/partediario.com.ar\/index.php?rest_route=\/wp\/v2\/posts"}],"about":[{"href":"https:\/\/partediario.com.ar\/index.php?rest_route=\/wp\/v2\/types\/post"}],"author":[{"embeddable":true,"href":"https:\/\/partediario.com.ar\/index.php?rest_route=\/wp\/v2\/users\/2"}],"replies":[{"embeddable":true,"href":"https:\/\/partediario.com.ar\/index.php?rest_route=%2Fwp%2Fv2%2Fcomments&post=4659"}],"version-history":[{"count":1,"href":"https:\/\/partediario.com.ar\/index.php?rest_route=\/wp\/v2\/posts\/4659\/revisions"}],"predecessor-version":[{"id":4661,"href":"https:\/\/partediario.com.ar\/index.php?rest_route=\/wp\/v2\/posts\/4659\/revisions\/4661"}],"wp:featuredmedia":[{"embeddable":true,"href":"https:\/\/partediario.com.ar\/index.php?rest_route=\/wp\/v2\/media\/4660"}],"wp:attachment":[{"href":"https:\/\/partediario.com.ar\/index.php?rest_route=%2Fwp%2Fv2%2Fmedia&parent=4659"}],"wp:term":[{"taxonomy":"category","embeddable":true,"href":"https:\/\/partediario.com.ar\/index.php?rest_route=%2Fwp%2Fv2%2Fcategories&post=4659"},{"taxonomy":"post_tag","embeddable":true,"href":"https:\/\/partediario.com.ar\/index.php?rest_route=%2Fwp%2Fv2%2Ftags&post=4659"}],"curies":[{"name":"wp","href":"https:\/\/api.w.org\/{rel}","templated":true}]}}