{"id":4666,"date":"2024-07-17T23:23:27","date_gmt":"2024-07-18T02:23:27","guid":{"rendered":"https:\/\/partediario.com.ar\/?p=4666"},"modified":"2024-07-17T23:27:27","modified_gmt":"2024-07-18T02:27:27","slug":"despidieron-a-julio-garro-subsecretario-de-deportes-ningun-gobierno-puede-decirle-que-hacer-a-la-seleccion-expreso-milei","status":"publish","type":"post","link":"https:\/\/partediario.com.ar\/?p=4666","title":{"rendered":"Despidieron a Julio Garro, subsecretario de Deportes: \u201cNing\u00fan gobierno puede decirle qu\u00e9 hacer a la selecci\u00f3n\u201d, expres\u00f3 Milei"},"content":{"rendered":"\n<p><strong>El funcionario hab\u00eda dicho que Messi deb\u00eda pedir disculpas por el video de los jugadores cantando contra el seleccionado franc\u00e9s. La noticia fue confirmada la Oficina del Presidente.<\/strong><\/p>\n\n\n\n<p>El Gobierno nacional confirm\u00f3 que ech\u00f3 a Julio Garro, subsecretario de Deportes, despu\u00e9s que el funcionario dijo que Lionel Messi deb\u00eda pedir disculpas por la pol\u00e9mica que se desat\u00f3 tras el video de la selecci\u00f3n en el que le dedicaban una canci\u00f3n de tribuna a Francia, el rival de la final del Mundial.<\/p>\n\n\n\n<p>La letra del tema, reconocida por la mayor\u00eda de los argentinos, tiene estrofas xen\u00f3fobas, hom\u00f3fobas y racistas que generaron un fuerte debate internacional.<\/p>\n\n\n\n<p>La informaci\u00f3n fue confirmada este mi\u00e9rcoles por la noche por la Oficina del Presidente, a trav\u00e9s de X.<\/p>\n\n\n\n<p><\/p>\n\n\n\n<blockquote class=\"twitter-tweet\"><p lang=\"es\" dir=\"ltr\">La Oficina del Presidente informa que ning\u00fan gobierno puede decirle qu\u00e9 comentar, qu\u00e9 pensar o qu\u00e9 hacer a la Selecci\u00f3n Argentina Campeona del Mundo y Bicampeona de Am\u00e9rica, ni a ning\u00fan otro ciudadano. Por esta raz\u00f3n, Julio Garro deja de ser Subsecretario de Deportes de la\u2026 <a href=\"https:\/\/t.co\/o4JRC7gGB1\">pic.twitter.com\/o4JRC7gGB1<\/a><\/p>&mdash; Oficina del Presidente (@OPRArgentina) <a href=\"https:\/\/twitter.com\/OPRArgentina\/status\/1813714086728749465?ref_src=twsrc%5Etfw\">July 17, 2024<\/a><\/blockquote> <script async src=\"https:\/\/platform.twitter.com\/widgets.js\" charset=\"utf-8\"><\/script>\n\n\n\n<p><\/p>\n\n\n\n<p>\u201cLa Oficina del Presidente comunica que ning\u00fan gobierno puede decirle qu\u00e9 comentar, qu\u00e9 pensar o qu\u00e9 hacer a la Selecci\u00f3n Argentina Campeona del Mundo y Bicampeona de Am\u00e9rica, ni a ning\u00fan otro ciudadano. Por esta raz\u00f3n, Julio Garro deja de ser Subsecretario de Deportes de la Naci\u00f3n\u201d, destacaron en la publicaci\u00f3n.<\/p>\n\n\n\n<p>Horas antes, un mensaje de Milei hab\u00eda adelantado que exist\u00eda esta posibilidad: hab\u00eda retuiteado el mensaje de un seguidor que ped\u00eda la renuncia del ahora exfuncionario.<\/p>\n\n\n\n<p>El mensaje del seguidor del Presidente dec\u00eda: \u201cTodos sabemos lo que el javo ama y banca a Messi incluso desde que era totalmente criticado\u2026 Decir que Messi tiene que PEDIR DISCULPAS a unos europeos colonizadores por una canci\u00f3n que encima dice la verdad, es ir TOTALMENTE EN CONTRA de la ideolog\u00eda del javo. GARRO TIENE QUE ESTAR AFUERA YA MISMO\u201d.<\/p>\n\n\n\n<p>Julio Garro en la ma\u00f1ana del mi\u00e9rcoles estuvo en comunicaci\u00f3n con radio Urbana Play, en el programa que conduce la periodista Mar\u00eda O\u00b4Donnell. En la entrevista dijo: \u201cCreo que el capit\u00e1n de la Selecci\u00f3n (en referencia a Lionel Messi) debe salir a pedir las disculpas de ese caso, lo mismo que el presidente de la AFA. Creo que corresponde y coincido con vos, es algo que nos deja como pa\u00eds mal parados con tanta gloria y ser\u00eda bueno llevar esto a algo ejemplificativo\u201d.<\/p>\n\n\n\n<p>Las palabras del subsecretario fueron en respuesta a una consulta sobre la pol\u00e9mica que se instal\u00f3 en el mundo del f\u00fatbol despu\u00e9s de la difusi\u00f3n de un video de los integrantes del seleccionado argentino que subi\u00f3 el volante Enzo Fern\u00e1ndez en el que se entonaban canciones racistas contra los jugadores de la selecci\u00f3n francesa.<\/p>\n\n\n\n<p><\/p>\n\n\n\n<blockquote class=\"twitter-tweet\"><p lang=\"es\" dir=\"ltr\">Desmiento categ\u00f3ricamente que haya solicitado a Messi que pida disculpas. Ser\u00eda una falta de respeto a quien nos honra permanentemente con su calidad humana y deportiva.<\/p>&mdash; Julio Garro (@JulioGarro) <a href=\"https:\/\/twitter.com\/JulioGarro\/status\/1813592537615253922?ref_src=twsrc%5Etfw\">July 17, 2024<\/a><\/blockquote> <script async src=\"https:\/\/platform.twitter.com\/widgets.js\" charset=\"utf-8\"><\/script>\n\n\n\n<p><\/p>\n\n\n\n<p>Sin embargo, y a pesar de estar grabado, Garro en sus redes sociales sali\u00f3 a desmentir sus propias palabras: \u201cDesmiento categ\u00f3ricamente que haya solicitado a Messi que pida disculpas. Ser\u00eda una falta de respeto a quien nos honra permanentemente con su calidad humana y deportiva\u201d, se\u00f1al\u00f3.<\/p>\n","protected":false},"excerpt":{"rendered":"<p>El funcionario hab&iacute;a dicho que Messi deb&iacute;a pedir disculpas por el video de los jugadores cantando contra el seleccionado franc&eacute;s. La noticia fue confirmada la Oficina del Presidente. El Gobierno nacional confirm&oacute; que ech&oacute; a Julio Garro, subsecretario de Deportes, despu&eacute;s que el funcionario dijo que Lionel Messi deb&iacute;a pedir disculpas por la pol&eacute;mica que [&hellip;]<\/p>\n","protected":false},"author":2,"featured_media":4669,"comment_status":"open","ping_status":"open","sticky":false,"template":"","format":"standard","meta":{"footnotes":""},"categories":[5,176],"tags":[1856,232,1828,743,1857],"class_list":["post-4666","post","type-post","status-publish","format-standard","has-post-thumbnail","hentry","category-nacionales","category-politica","tag-echaron","tag-javier-milei","tag-julio-garro","tag-lionel-messi","tag-seleccion-argentina"],"_links":{"self":[{"href":"https:\/\/partediario.com.ar\/index.php?rest_route=\/wp\/v2\/posts\/4666","targetHints":{"allow":["GET"]}}],"collection":[{"href":"https:\/\/partediario.com.ar\/index.php?rest_route=\/wp\/v2\/posts"}],"about":[{"href":"https:\/\/partediario.com.ar\/index.php?rest_route=\/wp\/v2\/types\/post"}],"author":[{"embeddable":true,"href":"https:\/\/partediario.com.ar\/index.php?rest_route=\/wp\/v2\/users\/2"}],"replies":[{"embeddable":true,"href":"https:\/\/partediario.com.ar\/index.php?rest_route=%2Fwp%2Fv2%2Fcomments&post=4666"}],"version-history":[{"count":1,"href":"https:\/\/partediario.com.ar\/index.php?rest_route=\/wp\/v2\/posts\/4666\/revisions"}],"predecessor-version":[{"id":4668,"href":"https:\/\/partediario.com.ar\/index.php?rest_route=\/wp\/v2\/posts\/4666\/revisions\/4668"}],"wp:featuredmedia":[{"embeddable":true,"href":"https:\/\/partediario.com.ar\/index.php?rest_route=\/wp\/v2\/media\/4669"}],"wp:attachment":[{"href":"https:\/\/partediario.com.ar\/index.php?rest_route=%2Fwp%2Fv2%2Fmedia&parent=4666"}],"wp:term":[{"taxonomy":"category","embeddable":true,"href":"https:\/\/partediario.com.ar\/index.php?rest_route=%2Fwp%2Fv2%2Fcategories&post=4666"},{"taxonomy":"post_tag","embeddable":true,"href":"https:\/\/partediario.com.ar\/index.php?rest_route=%2Fwp%2Fv2%2Ftags&post=4666"}],"curies":[{"name":"wp","href":"https:\/\/api.w.org\/{rel}","templated":true}]}}