{"id":4676,"date":"2024-07-18T10:20:06","date_gmt":"2024-07-18T13:20:06","guid":{"rendered":"https:\/\/partediario.com.ar\/?p=4676"},"modified":"2024-07-18T10:20:07","modified_gmt":"2024-07-18T13:20:07","slug":"maximiliano-schonfeld-designado-como-nuevo-presidente-del-instituto-audiovisual-de-entre-rios","status":"publish","type":"post","link":"https:\/\/partediario.com.ar\/?p=4676","title":{"rendered":"Maximiliano Schonfeld designado como nuevo presidente del Instituto Audiovisual de Entre R\u00edos"},"content":{"rendered":"\n<p><strong>El cineasta y guionista entrerriano, Maximiliano Schonfeld, fue anunciado al frente del Instituto Aut\u00e1rquico Audiovisual de Entre R\u00edos (Iaaer) por el ministro de Gobierno y Trabajo, Manuel Troncoso y el secretario de Cultura, Fabi\u00e1n Reato.<\/strong><\/p>\n\n\n\n<p>Troncoso, Reato y Schonfeld dialogaron este mi\u00e9rcoles con los trabajadores del Instituto Aut\u00e1rquico Audiovisual de Entre R\u00edos en donde el ministro destac\u00f3 que \u00abnos hemos planteado como objetivo descentralizar la cultura. Que todos los entrerrianos, sin importar donde vivan, puedan acceder y participar de lo que es nuestro. Es un gran desaf\u00edo\u00bb.<\/p>\n\n\n\n<p>La novedad se dio junto a la decisi\u00f3n del Ejecutivo de pasar la Secretar\u00eda de Cultura a la \u00f3rbita del Ministerio de Gobierno y Trabajo. En ese marco, Troncoso indic\u00f3: \u00abComo ya lo dijo el gobernador Frigerio, queremos que todos los trabajadores aporten su experiencia y creatividad para que la cultura llegue a cada rinc\u00f3n de la provincia, y a la vez para que desde cada lugar se genere valor cultural y se proteja nuestro acervo, porque tenemos un valioso patrimonio y una historia compartida que nos hace mirar para adelante, y queremos que los entrerrianos est\u00e9n en el lugar que se merecen, como protagonistas y productores de cultura, y que podamos disfrutar con alegr\u00eda de lo nuestro. En ese camino vamos a trabajar\u00bb.<\/p>\n\n\n\n<p>Sobre Schonfeld, el ministro expres\u00f3 que \u00abMaximiliano ha recorrido un camino ascendente con una manera muy personal de concebir el relato cinematogr\u00e1fico e historias enfocadas en nuestro pueblo. Tiene un perfil que nos habla de la perseverancia, de la importancia que tiene animarse a crear y a difundir nuestra mirada entrerriana. Creemos que su incorporaci\u00f3n es muy importante y estamos muy contentos\u00bb.<\/p>\n\n\n\n<p>Por su parte, el secretario de Cultura, Fabi\u00e1n Reato asegur\u00f3 que Maximiliano Schonfeld \u00abes una persona capacitada para cumplir este rol, ya que posee una probada trayectoria nacional e internacional. Es reconocido en la industria del cine argentino, conoce mucho a sus pares. Auguramos que llevar\u00e1 adelante una gran gesti\u00f3n para el bien de la cinematograf\u00eda entrerriana\u00bb.<\/p>\n\n\n\n<p>Mientras que el flamante presidente del Iaaer expres\u00f3 estar \u00abmuy contento ante este desaf\u00edo. Es la primera vez que me toca asumir un rol de estas caracter\u00edsticas con esta responsabilidad de gesti\u00f3n, y acontece en un momento muy especial de mi carrera como director. Mi primera misi\u00f3n es generar acciones para estimular la identidad del cine entrerriano\u00bb.<\/p>\n\n\n\n<p><strong>Sobre Maximiliano Schonfeld<\/strong><\/p>\n\n\n\n<p>Naci\u00f3 en Crespo. Se form\u00f3 en la Escuela Nacional de Experimentaci\u00f3n y Realizaci\u00f3n Cinematogr\u00e1fica donde actualmente es profesor de guion. Escribi\u00f3 y dirigi\u00f3 las ficciones Germania (2012), La Helada Negra (2015), Jes\u00fas L\u00f3pez (2021) y los documentales La Siesta del Tigre (2016), Luminum (2022) y Sombra Grande (2024). Particip\u00f3 en residencias en pa\u00edses como Dinamarca, Israel, M\u00e9xico, Chile, Espa\u00f1a, Uruguay y Francia. Sus pel\u00edculas fueron seleccionadas en festivales tales como Berlinale, San Sebasti\u00e1n, Visions Du R\u00e9el, La Habana, DocLisboa entre otros, obteniendo m\u00e1s de 50 premios internacionales.<\/p>\n","protected":false},"excerpt":{"rendered":"<p>El cineasta y guionista entrerriano, Maximiliano Schonfeld, fue anunciado al frente del Instituto Aut&aacute;rquico Audiovisual de Entre R&iacute;os (Iaaer) por el ministro de Gobierno y Trabajo, Manuel Troncoso y el secretario de Cultura, Fabi&aacute;n Reato. Troncoso, Reato y Schonfeld dialogaron este mi&eacute;rcoles con los trabajadores del Instituto Aut&aacute;rquico Audiovisual de Entre R&iacute;os en donde el [&hellip;]<\/p>\n","protected":false},"author":2,"featured_media":4677,"comment_status":"open","ping_status":"open","sticky":false,"template":"","format":"standard","meta":{"footnotes":""},"categories":[8,726],"tags":[257,710,593,1858],"class_list":["post-4676","post","type-post","status-publish","format-standard","has-post-thumbnail","hentry","category-provinciales","category-sociedad","tag-entre-rios","tag-fabian-reato","tag-manuel-troncoso","tag-maximiliano-schonfeld"],"_links":{"self":[{"href":"https:\/\/partediario.com.ar\/index.php?rest_route=\/wp\/v2\/posts\/4676","targetHints":{"allow":["GET"]}}],"collection":[{"href":"https:\/\/partediario.com.ar\/index.php?rest_route=\/wp\/v2\/posts"}],"about":[{"href":"https:\/\/partediario.com.ar\/index.php?rest_route=\/wp\/v2\/types\/post"}],"author":[{"embeddable":true,"href":"https:\/\/partediario.com.ar\/index.php?rest_route=\/wp\/v2\/users\/2"}],"replies":[{"embeddable":true,"href":"https:\/\/partediario.com.ar\/index.php?rest_route=%2Fwp%2Fv2%2Fcomments&post=4676"}],"version-history":[{"count":1,"href":"https:\/\/partediario.com.ar\/index.php?rest_route=\/wp\/v2\/posts\/4676\/revisions"}],"predecessor-version":[{"id":4678,"href":"https:\/\/partediario.com.ar\/index.php?rest_route=\/wp\/v2\/posts\/4676\/revisions\/4678"}],"wp:featuredmedia":[{"embeddable":true,"href":"https:\/\/partediario.com.ar\/index.php?rest_route=\/wp\/v2\/media\/4677"}],"wp:attachment":[{"href":"https:\/\/partediario.com.ar\/index.php?rest_route=%2Fwp%2Fv2%2Fmedia&parent=4676"}],"wp:term":[{"taxonomy":"category","embeddable":true,"href":"https:\/\/partediario.com.ar\/index.php?rest_route=%2Fwp%2Fv2%2Fcategories&post=4676"},{"taxonomy":"post_tag","embeddable":true,"href":"https:\/\/partediario.com.ar\/index.php?rest_route=%2Fwp%2Fv2%2Ftags&post=4676"}],"curies":[{"name":"wp","href":"https:\/\/api.w.org\/{rel}","templated":true}]}}