{"id":4686,"date":"2024-07-18T11:17:41","date_gmt":"2024-07-18T14:17:41","guid":{"rendered":"https:\/\/partediario.com.ar\/?p=4686"},"modified":"2024-07-18T16:05:48","modified_gmt":"2024-07-18T19:05:48","slug":"se-cumplen-30-anos-del-brutal-atentado-a-la-amia","status":"publish","type":"post","link":"https:\/\/partediario.com.ar\/?p=4686","title":{"rendered":"Se cumplen 30 a\u00f1os del brutal atentado a la AMIA"},"content":{"rendered":"\n<p><strong>El ataque a la mutual jud\u00eda, ocurrida el 18 de julio de 1994, dej\u00f3 un saldo de 85 muertos y m\u00e1s de 300 heridos. Las tareas de rescate de los sobrevivientes y de los cuerpos atrapados entre los escombros se prolongaron por varios d\u00edas.<\/strong><\/p>\n\n\n\n<p>Siete minutos antes de las diez de la ma\u00f1ana del lunes 18 de julio de 1994, cuando en el barrio porte\u00f1o de Balvanera, un utilitario Trafic blanca convertida en coche bomba estall\u00f3 contra la entrada del edificio de la AMIA. Ese d\u00eda se convirti\u00f3 en una de las fechas m\u00e1s negras de la historia argentina.<\/p>\n\n\n\n<p>El ataque a la mutual jud\u00eda dej\u00f3 un saldo de 85 muertos y m\u00e1s de 300 heridos.<\/p>\n\n\n\n<p><\/p>\n\n\n\n<figure class=\"wp-block-image size-large\"><img loading=\"lazy\" decoding=\"async\" width=\"1024\" height=\"576\" src=\"https:\/\/partediario.com.ar\/wp-content\/uploads\/Desinformacion-nuevo-2024-07-17T123023-1024x576.webp\" alt=\"\" class=\"wp-image-4687\" srcset=\"https:\/\/partediario.com.ar\/wp-content\/uploads\/Desinformacion-nuevo-2024-07-17T123023-1024x576.webp 1024w, https:\/\/partediario.com.ar\/wp-content\/uploads\/Desinformacion-nuevo-2024-07-17T123023-300x169.webp 300w, https:\/\/partediario.com.ar\/wp-content\/uploads\/Desinformacion-nuevo-2024-07-17T123023-768x432.webp 768w, https:\/\/partediario.com.ar\/wp-content\/uploads\/Desinformacion-nuevo-2024-07-17T123023.webp 1280w\" sizes=\"auto, (max-width: 1024px) 100vw, 1024px\" \/><\/figure>\n\n\n\n<p><\/p>\n\n\n\n<p>Desde ese momento, 30 a\u00f1os han pasado sin que la investigaci\u00f3n judicial ni las acciones de los distintos gobiernos hayan arrojado resultados satisfactorios para los familiares de los 85 muertos y los 300 heridos, que provoc\u00f3 ese ataque terrorista.<\/p>\n\n\n\n<p>En total, fueron 77 las v\u00edctimas que se encontraban dentro de la sede de la mutual jud\u00eda y otras 18 en la vereda o en edificios aleda\u00f1os al momento del atentado, cuyos responsables siguen impunes.<\/p>\n\n\n\n<p>Si bien la comunidad jud\u00eda de la Argentina es la m\u00e1s numerosa de Am\u00e9rica latina y una de las principales del mundo, el atentado fue tomado por la colectividad, la Justicia y los gobiernos como un ataque a la sociedad argentina toda.<\/p>\n\n\n\n<p>La iniciativa del gobierno de la ex presidenta Cristina Kirchner para acordar con Ir\u00e1n el interrogatorio en Teher\u00e1n a los acusados termin\u00f3 rodeada de pol\u00e9mica, rechazo, inconstitucionalidad y resultados nulos.<\/p>\n\n\n\n<p>En la actualidad el gobierno del presidente Javier Milei intenta implementar el juicio en ausencia para avanzar con el proceso que apunto a los iran\u00edes.<\/p>\n\n\n\n<p>El 17 de marzo de 1992, la comunidad jud\u00eda ya hab\u00eda sido objeto de otro atentado, cuando una camioneta Ford F-100 explot\u00f3 frente a las puertas de la Embajada de Israel, que entonces se ubicaba en el barrio porte\u00f1o de Retiro, y como consecuencia de lo cual murieron 27 personas y m\u00e1s de 100 resultaron heridas.<\/p>\n\n\n\n<p>Dos a\u00f1os despu\u00e9s, la Asociaci\u00f3n Mutual Israelita Argentina se encontraba organizando los preparativos para el festejo del primer centenario de su creaci\u00f3n.<\/p>\n\n\n\n<p>Cabe se\u00f1alar que la organizaci\u00f3n hab\u00eda sido fundada grupos de inmigrantes jud\u00edos y ten\u00eda por objetivo brindar ayuda y asistencia a las personas de esa comunidad que planeaban radicarse en el pa\u00eds.<\/p>\n\n\n\n<p>El viernes 15 de julio de 1994, tres d\u00edas antes de la explosi\u00f3n, una Traffic blanca fue estacionada en la playa de estacionamiento Jet Parking, a tres cuadras de la sede de la mutual, ubicada en Pasteur 633 e inaugurada en 1945.<\/p>\n\n\n\n<p>A las 9:53 del lunes 18, ese veh\u00edculo, cargado con 400 kilos de un explosivo de nitrato de amonio, TNT y nitroglicerina amonal, se estrell\u00f3 contra el edificio de la calle Pasteur. La explosi\u00f3n produjo un cr\u00e1ter de seis metros de profundidad y da\u00f1os materiales por 15 millones de pesos\/d\u00f3lares, mientras que la onda expansiva dej\u00f3 sin agua y sin luz a las manzanas vecinas y destruy\u00f3 decenas de propiedades de la cuadra.<\/p>\n\n\n\n<p>Desde ese momento, sin novedades judiciales, sobre el atentado a la AMIA se produjeron miles de art\u00edculos period\u00edsticos y decenas de libros, ensayos y videos, as\u00ed como centenares de testimonios orales, expresiones art\u00edsticas, im\u00e1genes y actividades educativas.<\/p>\n\n\n\n<p><\/p>\n\n\n\n<figure class=\"wp-block-image size-large\"><img loading=\"lazy\" decoding=\"async\" width=\"1024\" height=\"576\" src=\"https:\/\/partediario.com.ar\/wp-content\/uploads\/amia-1200jpg-1024x576.webp\" alt=\"\" class=\"wp-image-4698\" srcset=\"https:\/\/partediario.com.ar\/wp-content\/uploads\/amia-1200jpg-1024x576.webp 1024w, https:\/\/partediario.com.ar\/wp-content\/uploads\/amia-1200jpg-300x169.webp 300w, https:\/\/partediario.com.ar\/wp-content\/uploads\/amia-1200jpg-768x432.webp 768w, https:\/\/partediario.com.ar\/wp-content\/uploads\/amia-1200jpg.webp 1200w\" sizes=\"auto, (max-width: 1024px) 100vw, 1024px\" \/><\/figure>\n\n\n\n<p><\/p>\n\n\n\n<p>Cada 18 de julio a las 9.53 en la reconstruida sede de Pasteur 633 se hace sonar la sirena que buscar fortalecer la memoria y redoblar el reclamo de justicia.<\/p>\n\n\n\n<p><strong>El atentado terrorista que aun sigue impune<\/strong><\/p>\n\n\n\n<p>A 30 a\u00f1os del atentado contra la AMIA, la Justicia avanz\u00f3 hasta identificar a Ir\u00e1n y al grupo Hezbollah como los responsables del atentado. Tambi\u00e9n identific\u00f3 a ex jerarcas del gobierno iran\u00ed y a colaboradores del Hezbollah que decidieron y ejecutaron el ataque. En los \u00faltimos meses, sum\u00f3 a ellos los nombres de cuatro empresarios libaneses afincados en la Triple Frontera, acusados de facilitar el desplazamiento del grupo operativo que hizo el ataque. Pidi\u00f3 la detenci\u00f3n internacional de todos ellos. Adem\u00e1s, estableci\u00f3 la mec\u00e1nica del ataque, su organizaci\u00f3n desde la embajada iran\u00ed en Buenos Aires, c\u00f3mo fue armada la Trafic usada en su ejecuci\u00f3n y el uso de un conductor suicida para concretarlo. Pero la mayor deuda con los familiares de las v\u00edctimas es que a\u00fan la Argentina no pudo capturar y juzgar a los responsables del atentado.<\/p>\n\n\n\n<p>Hubo tres juicios orales. En el primero se absolvi\u00f3 a todos los acusados y se denunci\u00f3 el inmenso encubrimiento del Estado durante el menemismo, que mont\u00f3 una operaci\u00f3n para castigar a falsos culpables. Hubo un segundo juicio contra los investigadores del atentado, donde absolvieron a Carlos Menem, pero condenaron a sus exfuncionarios y al exjuez que investig\u00f3 el caso. Y hubo un tercer juicio contra Carlos Telleld\u00edn, el exmec\u00e1nico, \u00faltimo tenedor de la Trafic que fue usada como bomba. Fue acusado de entregarla a los terroristas pero, a pesar de que estuvo diez a\u00f1os preso, lo absolvieron tres veces. Su caso est\u00e1 apelado en la Corte Suprema.<\/p>\n\n\n\n<p>La causa AMIA puso en evidencia la capacidad de la pol\u00edtica para alterar la investigaci\u00f3n judicial y manipular la b\u00fasqueda de la verdad. Tambi\u00e9n permiti\u00f3 iluminar operaciones ilegales de los servicios de inteligencia para entorpecer en lugar de esclarecer y visibiliz\u00f3 alineamientos geopol\u00edticos que cambiaron con la alternancia de los diferentes gobiernos.<\/p>\n\n\n\n<p>Tanto es as\u00ed que la ex presidenta Cristina Kirchner espera un juicio oral, acusada de encubrir a los responsables del ataque a la AMIA con la firma del Pacto con Ir\u00e1n. Seg\u00fan la Justicia, el fiscal Alberto Nisman fue asesinado por realizar su trabajo para esclarecer el atentado. Las pistas apuntan a una guerra de los servicios de inteligencia detr\u00e1s de ese crimen, la otra hip\u00f3tesis habla de una auto determinaci\u00f3n.<\/p>\n","protected":false},"excerpt":{"rendered":"<p>El ataque a la mutual jud&iacute;a, ocurrida el 18 de julio de 1994, dej&oacute; un saldo de 85 muertos y m&aacute;s de 300 heridos. Las tareas de rescate de los sobrevivientes y de los cuerpos atrapados entre los escombros se prolongaron por varios d&iacute;as. Siete minutos antes de las diez de la ma&ntilde;ana del lunes [&hellip;]<\/p>\n","protected":false},"author":2,"featured_media":4688,"comment_status":"open","ping_status":"open","sticky":false,"template":"","format":"standard","meta":{"footnotes":""},"categories":[979,5,176],"tags":[1866,1019,1022,518,1861,1865,232],"class_list":["post-4686","post","type-post","status-publish","format-standard","has-post-thumbnail","hentry","category-judiciales","category-nacionales","category-politica","tag-alberto-nisman","tag-amia","tag-atentado","tag-cristina-kirchner","tag-hamas-3","tag-hezbollah","tag-javier-milei"],"_links":{"self":[{"href":"https:\/\/partediario.com.ar\/index.php?rest_route=\/wp\/v2\/posts\/4686","targetHints":{"allow":["GET"]}}],"collection":[{"href":"https:\/\/partediario.com.ar\/index.php?rest_route=\/wp\/v2\/posts"}],"about":[{"href":"https:\/\/partediario.com.ar\/index.php?rest_route=\/wp\/v2\/types\/post"}],"author":[{"embeddable":true,"href":"https:\/\/partediario.com.ar\/index.php?rest_route=\/wp\/v2\/users\/2"}],"replies":[{"embeddable":true,"href":"https:\/\/partediario.com.ar\/index.php?rest_route=%2Fwp%2Fv2%2Fcomments&post=4686"}],"version-history":[{"count":2,"href":"https:\/\/partediario.com.ar\/index.php?rest_route=\/wp\/v2\/posts\/4686\/revisions"}],"predecessor-version":[{"id":4699,"href":"https:\/\/partediario.com.ar\/index.php?rest_route=\/wp\/v2\/posts\/4686\/revisions\/4699"}],"wp:featuredmedia":[{"embeddable":true,"href":"https:\/\/partediario.com.ar\/index.php?rest_route=\/wp\/v2\/media\/4688"}],"wp:attachment":[{"href":"https:\/\/partediario.com.ar\/index.php?rest_route=%2Fwp%2Fv2%2Fmedia&parent=4686"}],"wp:term":[{"taxonomy":"category","embeddable":true,"href":"https:\/\/partediario.com.ar\/index.php?rest_route=%2Fwp%2Fv2%2Fcategories&post=4686"},{"taxonomy":"post_tag","embeddable":true,"href":"https:\/\/partediario.com.ar\/index.php?rest_route=%2Fwp%2Fv2%2Ftags&post=4686"}],"curies":[{"name":"wp","href":"https:\/\/api.w.org\/{rel}","templated":true}]}}