{"id":4700,"date":"2024-07-18T16:09:55","date_gmt":"2024-07-18T19:09:55","guid":{"rendered":"https:\/\/partediario.com.ar\/?p=4700"},"modified":"2024-07-18T16:33:21","modified_gmt":"2024-07-18T19:33:21","slug":"el-ultimo-primer-dia-en-parana-se-realizaran-operativos-en-la-noche-previa-al-regreso-a-clases","status":"publish","type":"post","link":"https:\/\/partediario.com.ar\/?p=4700","title":{"rendered":"El \u00daltimo Primer D\u00eda en Paran\u00e1: se realizar\u00e1n operativos en la noche previa al regreso a clases"},"content":{"rendered":"\n<p><strong>La Municipalidad de Paran\u00e1 prepara un plan de acci\u00f3n especial para el \u00daltimo Primer D\u00eda (UPD) que se llevar\u00e1 a cabo tras la finalizaci\u00f3n de las vacaciones de invierno.<\/strong><\/p>\n\n\n\n<p>Se desarrollar\u00e1n operativos en Paran\u00e1 el d\u00eda previo a la reanudaci\u00f3n de las clases tras las vacaciones de invierno, con el objetivo de la prevenci\u00f3n y el cuidado frente a los festejos de los estudiantes.<\/p>\n\n\n\n<p>Lo que se conoce como \u00daltimo Primer D\u00eda de clases (UPD), en sus distintas versiones, se ha constituido como una costumbre entre los adolescentes del \u00faltimo a\u00f1o de secundaria.<\/p>\n\n\n\n<p>Este domingo, se llevar\u00e1 a cabo por la vuelta a las aulas las UVI, luego del receso invernal, y tendientes a tomar precauciones en esta fiesta estudiantil, la Municipalidad de Paran\u00e1 desarrollar\u00e1 un operativo y un plan de acci\u00f3n para garantizar la seguridad de los estudiantes.<\/p>\n\n\n\n<p><strong>Plan de acci\u00f3n<\/strong><\/p>\n\n\n\n<p>En ese sentido, se avanza en la programaci\u00f3n de cortes de tr\u00e1nsito y presencia policial en lugares como el Balneario Thompson.<\/p>\n\n\n\n<p>Tambi\u00e9n desde el Municipio se asegurar\u00e1 la habilitaci\u00f3n de los ba\u00f1os p\u00fablicos en los puntos que cuenten con ese servicio durante toda la noche.<\/p>\n\n\n\n<p>Adem\u00e1s, habr\u00e1 un operativo especial para reforzar la limpieza en los espacios de concentraci\u00f3n, durante la ma\u00f1ana del lunes 22.<\/p>\n\n\n\n<p>Previo a las UVI las redes sociales de la Direcci\u00f3n General de Juventudes emitir\u00e1n recomendaciones e \u00edtems de prevenci\u00f3n para los estudiantes, con el objetivo de transmitirles formas de cuidado y convivencia segura en los espacios compartidos.<\/p>\n\n\n\n<p><\/p>\n\n\n\n<figure class=\"wp-block-image size-full\"><img loading=\"lazy\" decoding=\"async\" width=\"760\" height=\"427\" src=\"https:\/\/partediario.com.ar\/wp-content\/uploads\/dcc8292c124cffa74dc2b433465b86ac.jpg\" alt=\"\" class=\"wp-image-4712\" srcset=\"https:\/\/partediario.com.ar\/wp-content\/uploads\/dcc8292c124cffa74dc2b433465b86ac.jpg 760w, https:\/\/partediario.com.ar\/wp-content\/uploads\/dcc8292c124cffa74dc2b433465b86ac-300x169.jpg 300w\" sizes=\"auto, (max-width: 760px) 100vw, 760px\" \/><\/figure>\n","protected":false},"excerpt":{"rendered":"<p>La Municipalidad de Paran&aacute; prepara un plan de acci&oacute;n especial para el &Uacute;ltimo Primer D&iacute;a (UPD) que se llevar&aacute; a cabo tras la finalizaci&oacute;n de las vacaciones de invierno. Se desarrollar&aacute;n operativos en Paran&aacute; el d&iacute;a previo a la reanudaci&oacute;n de las clases tras las vacaciones de invierno, con el objetivo de la prevenci&oacute;n y [&hellip;]<\/p>\n","protected":false},"author":2,"featured_media":4701,"comment_status":"open","ping_status":"open","sticky":false,"template":"","format":"standard","meta":{"footnotes":""},"categories":[6,726],"tags":[716,265,1867],"class_list":["post-4700","post","type-post","status-publish","format-standard","has-post-thumbnail","hentry","category-locales","category-sociedad","tag-operativos","tag-parana","tag-ultimo-primer-dia"],"_links":{"self":[{"href":"https:\/\/partediario.com.ar\/index.php?rest_route=\/wp\/v2\/posts\/4700","targetHints":{"allow":["GET"]}}],"collection":[{"href":"https:\/\/partediario.com.ar\/index.php?rest_route=\/wp\/v2\/posts"}],"about":[{"href":"https:\/\/partediario.com.ar\/index.php?rest_route=\/wp\/v2\/types\/post"}],"author":[{"embeddable":true,"href":"https:\/\/partediario.com.ar\/index.php?rest_route=\/wp\/v2\/users\/2"}],"replies":[{"embeddable":true,"href":"https:\/\/partediario.com.ar\/index.php?rest_route=%2Fwp%2Fv2%2Fcomments&post=4700"}],"version-history":[{"count":2,"href":"https:\/\/partediario.com.ar\/index.php?rest_route=\/wp\/v2\/posts\/4700\/revisions"}],"predecessor-version":[{"id":4713,"href":"https:\/\/partediario.com.ar\/index.php?rest_route=\/wp\/v2\/posts\/4700\/revisions\/4713"}],"wp:featuredmedia":[{"embeddable":true,"href":"https:\/\/partediario.com.ar\/index.php?rest_route=\/wp\/v2\/media\/4701"}],"wp:attachment":[{"href":"https:\/\/partediario.com.ar\/index.php?rest_route=%2Fwp%2Fv2%2Fmedia&parent=4700"}],"wp:term":[{"taxonomy":"category","embeddable":true,"href":"https:\/\/partediario.com.ar\/index.php?rest_route=%2Fwp%2Fv2%2Fcategories&post=4700"},{"taxonomy":"post_tag","embeddable":true,"href":"https:\/\/partediario.com.ar\/index.php?rest_route=%2Fwp%2Fv2%2Ftags&post=4700"}],"curies":[{"name":"wp","href":"https:\/\/api.w.org\/{rel}","templated":true}]}}